{"id":89,"date":"2008-01-10T03:04:00","date_gmt":"2008-01-10T03:04:00","guid":{"rendered":"http:\/\/lamalaga.com\/polski\/boleslaw-lesmian-gdy-domdlewasz-cuando-desfalleces\/"},"modified":"2017-01-29T20:56:08","modified_gmt":"2017-01-30T01:56:08","slug":"boleslaw-lesmian-gdy-domdlewasz-cuando-desfalleces","status":"publish","type":"post","link":"https:\/\/lamalaga.com\/polski\/boleslaw-lesmian-gdy-domdlewasz-cuando-desfalleces\/","title":{"rendered":"Le\u015bmian, Boles\u0142aw ***[Gdy domdlewasz&#8230;]"},"content":{"rendered":"<div><em>Trad. Luc\u00eda M\u00e1laga Sabogal<\/em><\/div>\n<div>\n<p>Boles\u0142aw Le\u015bmian<\/p>\n<p><strong>***<\/strong><br \/>\nCuando desfalleces sobre mi lecho, por m\u00ed acariciada<br \/>\nQuiero poseerte para siempre \u00a1pero es en vano, en vano!<\/p>\n<p>T\u00fa ya precisamente &#8211; ajena-, ya no me divisas<br \/>\nTus ojos se cubren de niebla, \u00a1enceguecen de alegr\u00eda y frenes\u00ed!<\/p>\n<p>Te pierdes de repente en tu propio crep\u00fasculo<br \/>\nTengo tu cuerpo obediente, pero \u00a1un cuerpo sin ojos!&#8230;<\/p>\n<p>Te pierdes de repente en un abismo desconocido<br \/>\nDonde no estuve, no so\u00f1e aunque \u00a1te am\u00e9 para ello!&#8230;<\/p>\n<\/div>\n<div><\/div>\n<div>&#8212;&#8212;&#8212;&#8212;&#8212;&#8212;&#8212;&#8212;&#8212;&#8212;&#8212;&#8212;&#8212;&#8212;&#8212;&#8212;&#8212;&#8212;&#8212;&#8212;&#8212;&#8212;&#8211;<br \/>\n<strong>***<\/strong><\/div>\n<div>Gdy domdlewasz na \u0142o\u017cu, ca\u0142owana przeze mnie,<\/div>\n<div>Chc\u0119 ci\u0119 posi\u0105\u015b\u0107 na zawsze, lecz daremnie, daremnie!<\/div>\n<div><\/div>\n<div>Ju\u017c ty w\u0142a\u015bnie \u2014 nie moja, ju\u017c nie widzisz mnie wcale.<\/div>\n<div>Oczy mg\u0142\u0105 ci zachodz\u0105, \u015blepn\u0105 w szcz\u0119\u015bciu i szale!<\/div>\n<div><\/div>\n<div>Zapodziewasz si\u0119 nagle w swoim w\u0142asnym pomroczu,<\/div>\n<div>Mam twe cia\u0142o pos\u0142uszne, ale cia\u0142o \u2014 bez oczu!&#8230;<\/div>\n<div><\/div>\n<div>Zapodziewasz si\u0119 nagle w niewiadomej otch\u0142ani,<\/div>\n<div>Gdziem nie bywa\u0142, nie \u015bniwa\u0142, cho\u0107 kocha\u0142em ci\u0119 dla niej!&#8230;<\/div>\n<div><\/div>\n<div>il. Goya &#8222;La maja desnuda&#8221;<\/div>\n<div class=\"rpbt_shortcode\">\n<h3>Powi\u0105zane wpisy<\/h3>\n<ul>\n\t\t\t\t\t\n\t\t\t<li>\n\t\t\t\t<a href=\"https:\/\/lamalaga.com\/polski\/lesmian-boleslaw-w-malinowym-chrusniaku\/\">Le\u015bmian, Boles\u0142aw &#8222;W malinowym chru\u015bniaku&#8221;<\/a>\n\t\t\t<\/li>\n\t\t\t\t\t\n\t\t\t<li>\n\t\t\t\t<a href=\"https:\/\/lamalaga.com\/polski\/boleslaw-lesmian-com-uczynil-zes-nagle-pobladla-que-es-lo-que-hice-que-repentinamente-palideciste\/\">Le\u015bmian, Boles\u0142aw ***[Com uczyni\u0142 \u017ce\u015b nagle poblad\u0142a?]<\/a>\n\t\t\t<\/li>\n\t\t\t\t\t\n\t\t\t<li>\n\t\t\t\t<a href=\"https:\/\/lamalaga.com\/polski\/lesmian-boleslaw-sumerges-la-mano-en-el-sueno-dlon-zanurzasz-w-snie\/\">Le\u015bmian, Boles\u0142aw &#8222;D\u0142o\u0144 zanurzasz w \u015bnie&#8230;&#8221;<\/a>\n\t\t\t<\/li>\n\t\t\t\t\t\n\t\t\t<li>\n\t\t\t\t<a href=\"https:\/\/lamalaga.com\/polski\/boleslaw-lesmian-urszula-kochanowska\/\">Le\u015bmian, Boles\u0142aw &#8222;Urszula Kochanowska&#8221;<\/a>\n\t\t\t<\/li>\n\t\t\t\t\t\n\t\t\t<li>\n\t\t\t\t<a href=\"https:\/\/lamalaga.com\/polski\/boleslaw-lesmian-dzis-w-naszego-spotkania-rocznice-hoy-el-dia-del-aniversario-de-nuestro-encuentro\/\">Le\u015bmian, Boles\u0142aw ***[Dzi\u015b w naszego spotkania rocznic\u0119]<\/a>\n\t\t\t<\/li>\n\t\t\t<\/ul>\n<\/div>\n","protected":false},"excerpt":{"rendered":"<p>Trad. Luc\u00eda M\u00e1laga Sabogal Boles\u0142aw Le\u015bmian *** Cuando desfalleces sobre mi lecho, por m\u00ed acariciada Quiero poseerte para siempre \u00a1pero es en vano, en vano!<\/p>\n","protected":false},"author":1,"featured_media":1156,"comment_status":"open","ping_status":"open","sticky":false,"template":"","format":"standard","meta":{"footnotes":""},"categories":[65,47],"tags":[90,92,96,98,103],"class_list":["post-89","post","type-post","status-publish","format-standard","has-post-thumbnail","hentry","category-na-hiszpanski","category-przeklady","tag-lesmian-boleslaw","tag-liryka","tag-literatura-polska","tag-milosc","tag-poezja"],"_links":{"self":[{"href":"https:\/\/lamalaga.com\/polski\/wp-json\/wp\/v2\/posts\/89","targetHints":{"allow":["GET"]}}],"collection":[{"href":"https:\/\/lamalaga.com\/polski\/wp-json\/wp\/v2\/posts"}],"about":[{"href":"https:\/\/lamalaga.com\/polski\/wp-json\/wp\/v2\/types\/post"}],"author":[{"embeddable":true,"href":"https:\/\/lamalaga.com\/polski\/wp-json\/wp\/v2\/users\/1"}],"replies":[{"embeddable":true,"href":"https:\/\/lamalaga.com\/polski\/wp-json\/wp\/v2\/comments?post=89"}],"version-history":[{"count":2,"href":"https:\/\/lamalaga.com\/polski\/wp-json\/wp\/v2\/posts\/89\/revisions"}],"predecessor-version":[{"id":1119,"href":"https:\/\/lamalaga.com\/polski\/wp-json\/wp\/v2\/posts\/89\/revisions\/1119"}],"wp:featuredmedia":[{"embeddable":true,"href":"https:\/\/lamalaga.com\/polski\/wp-json\/wp\/v2\/media\/1156"}],"wp:attachment":[{"href":"https:\/\/lamalaga.com\/polski\/wp-json\/wp\/v2\/media?parent=89"}],"wp:term":[{"taxonomy":"category","embeddable":true,"href":"https:\/\/lamalaga.com\/polski\/wp-json\/wp\/v2\/categories?post=89"},{"taxonomy":"post_tag","embeddable":true,"href":"https:\/\/lamalaga.com\/polski\/wp-json\/wp\/v2\/tags?post=89"}],"curies":[{"name":"wp","href":"https:\/\/api.w.org\/{rel}","templated":true}]}}