{"id":64,"date":"2009-03-14T19:18:00","date_gmt":"2009-03-14T19:18:00","guid":{"rendered":"http:\/\/lamalaga.com\/polski\/kofta-jonasz-una-samba-de-despedida-samba-przed-rozstaniem\/"},"modified":"2017-01-29T21:09:48","modified_gmt":"2017-01-30T02:09:48","slug":"kofta-jonasz-una-samba-de-despedida-samba-przed-rozstaniem","status":"publish","type":"post","link":"https:\/\/lamalaga.com\/polski\/kofta-jonasz-una-samba-de-despedida-samba-przed-rozstaniem\/","title":{"rendered":"Kofta, Jonasz &#8222;Samba przed rozstaniem&#8221;"},"content":{"rendered":"<p><span style=\"font-size: 100%;\">Kofta Jonasz<\/span><span style=\"font-size: 100%;\"><br \/>\n<\/span><span style=\"font-size: 100%; font-weight: bold;\">Una samba de despedida<\/span><\/p>\n<p><span style=\"font-size: 100%;\">No, no puedes marcharte ahora<\/span><br \/>\n<span style=\"font-size: 100%;\">Me est\u00e1s quitando lo \u00faltimo del agua<br \/>\nEl calor del desierto me quema<br \/>\nEse despiadado vac\u00edo ocre<br \/>\nTengo los labios resecos y agrietados<br \/>\nMi beso es igual a la muerte<\/span><\/p>\n<p>No, no puedes marcharte ahora<br \/>\nCuando soy toda anhelo<br \/>\nDe tus ojos y tus labios<br \/>\nHabla, dime que te quedar\u00e1s a\u00fan<br \/>\nAntes de quitarme el aire<br \/>\nAntes de entrar en una gran nada<\/p>\n<p><span style=\"font-size: 100%;\">No, no puedes marcharte ahora<\/span><span style=\"font-size: 100%;\"><br \/>\n<\/span><span style=\"font-size: 100%;\">Cuando soy hielo ardiendo<br \/>\nHar\u00e9 cualquier cosa, pero qu\u00e9date<br \/>\nQu\u00e9date un instante, un momento<br \/>\nArdo, ardo, ardo, ardo&#8230;<br \/>\nCon un fuego g\u00e9lido de soles negros<\/span><\/p>\n<p><span style=\"font-size: 100%;\">No, no puedes marcharte ahora<br \/>\nMira, las hojitas tan tiernas<br \/>\nanteriores al \u00f3xido y muerte oto\u00f1al<br \/>\nQu\u00e9date por favor, en el puente de las despedidas<br \/>\nNo asesines este amor<br \/>\nD\u00e9jale perecer tranquilamente.<br \/>\n<\/span><\/p>\n<p><span style=\"font-size: 100%;\">[Trad. Luc\u00eda M\u00e1laga Sabogal]<\/span><\/p>\n<p><span style=\"font-size: 100%;\"><strong>&#8212;&#8212;&#8212;&#8212;&#8212;&#8212;&#8212;&#8212;&#8212;&#8212;&#8212;&#8212;&#8212;&#8212;&#8212;&#8212;&#8212;&#8212;&#8212;-<\/strong><br \/>\nKofta Jonasz<\/span><span style=\"font-size: 100%;\"><br \/>\n<\/span><span style=\"font-size: 100%; font-weight: bold;\">Samba przed rozstaniem<\/span><\/p>\n<p><span style=\"font-size: 100%;\">Nie, nie mo\u017cesz teraz odej\u015b\u0107<br \/>\nBierzesz mi ostatni\u0105 wod\u0119<br \/>\n\u017bar pustyni pali mnie<br \/>\nBezlitosna, p\u0142owa pustka<br \/>\nMam sp\u0119kane suche usta<br \/>\nPoca\u0142unek m\u00f3j to \u015bmier\u0107<\/span><\/p>\n<p>Nie, nie mo\u017cesz teraz odej\u015b\u0107<br \/>\nKiedy ca\u0142a jestem g\u0142odem<br \/>\nTwoich oczu, d\u0142oni twych<br \/>\nM\u00f3w, powiedz, \u017ce zostaniesz jeszcze<br \/>\nNim odbierzesz mi powietrze<br \/>\nZanim wejd\u0119 w wielkie nic<\/p>\n<p>Nie, nie mo\u017cesz teraz odej\u015b\u0107<br \/>\nJestem rozpalonym lodem<br \/>\nZrobie wszystko, tylko b\u0105dz<br \/>\nB\u0105dz, zosta\u0144 jeszcze chwil\u0119, moment<br \/>\nP\u0142on\u0119, p\u0142on\u0119, p\u0142on\u0119, p\u0142on\u0119&#8230;<br \/>\nZimnym ogniem czarnych s\u0142onc<\/p>\n<p>Nie, nie mo\u017cesz teraz odej\u015b\u0107<br \/>\nPopatrz, listki takie m\u0142ode<br \/>\nNim jesieni rdza i smier\u0107<br \/>\nB\u0105dz &#8211; prosz\u0119 ci\u0119, na rozsta\u0144 mo\u015bcie<br \/>\nNie zabijaj tej mi\u0142o\u015bci<br \/>\nDaj spokojnie umrze\u0107 jej<\/p>\n<p>Orygina\u0142 z:<a> http:\/\/wiersze.annet.pl\/w,,12698<\/a><\/p>\n<p><b>Interpretacje<\/b><br \/>\n<iframe loading=\"lazy\" src=\"https:\/\/www.youtube.com\/embed\/GRk_8qJAmqA?rel=0\" width=\"420\" height=\"315\" frameborder=\"0\" allowfullscreen=\"allowfullscreen\"><\/iframe><\/p>\n<div class=\"rpbt_shortcode\">\n<h3>Powi\u0105zane wpisy<\/h3>\n<ul>\n\t\t\t\t\t\n\t\t\t<li>\n\t\t\t\t<a href=\"https:\/\/lamalaga.com\/polski\/lesmian-boleslaw-w-malinowym-chrusniaku\/\">Le\u015bmian, Boles\u0142aw &#8222;W malinowym chru\u015bniaku&#8221;<\/a>\n\t\t\t<\/li>\n\t\t\t\t\t\n\t\t\t<li>\n\t\t\t\t<a href=\"https:\/\/lamalaga.com\/polski\/pawlikowska-jasnorzewska-maria-puesta-del-sol-zachod-slonca\/\">Pawlikowska &#8211; Jasnorzewska Maria &#8222;Zach\u00f3d s\u0142o\u0144ca&#8221;<\/a>\n\t\t\t<\/li>\n\t\t\t\t\t\n\t\t\t<li>\n\t\t\t\t<a href=\"https:\/\/lamalaga.com\/polski\/tuwim-julian-noche-noc\/\">Tuwim, Julian &#8222;Noc&#8221;<\/a>\n\t\t\t<\/li>\n\t\t\t\t\t\n\t\t\t<li>\n\t\t\t\t<a href=\"https:\/\/lamalaga.com\/polski\/boleslaw-lesmian-com-uczynil-zes-nagle-pobladla-que-es-lo-que-hice-que-repentinamente-palideciste\/\">Le\u015bmian, Boles\u0142aw ***[Com uczyni\u0142 \u017ce\u015b nagle poblad\u0142a?]<\/a>\n\t\t\t<\/li>\n\t\t\t\t\t\n\t\t\t<li>\n\t\t\t\t<a href=\"https:\/\/lamalaga.com\/polski\/stachura-edward-jest-juz-za-pozno-nie-jest-za-pozno-es-demasiado-tarde-no-es-demasiado-tarde\/\">Stachura, Edward &#8222;Jest ju\u017c za p\u00f3\u017ano, nie jest za p\u00f3\u017ano&#8221;<\/a>\n\t\t\t<\/li>\n\t\t\t<\/ul>\n<\/div>\n","protected":false},"excerpt":{"rendered":"<p>Kofta Jonasz Una samba de despedida No, no puedes marcharte ahora Me est\u00e1s quitando lo \u00faltimo del agua El calor del desierto me quema Ese<\/p>\n","protected":false},"author":1,"featured_media":1170,"comment_status":"open","ping_status":"open","sticky":false,"template":"","format":"standard","meta":{"footnotes":""},"categories":[65,47],"tags":[86,92,96,98,103,104],"class_list":["post-64","post","type-post","status-publish","format-standard","has-post-thumbnail","hentry","category-na-hiszpanski","category-przeklady","tag-kofta-jonasz","tag-liryka","tag-literatura-polska","tag-milosc","tag-poezja","tag-poezja-spiewana"],"_links":{"self":[{"href":"https:\/\/lamalaga.com\/polski\/wp-json\/wp\/v2\/posts\/64","targetHints":{"allow":["GET"]}}],"collection":[{"href":"https:\/\/lamalaga.com\/polski\/wp-json\/wp\/v2\/posts"}],"about":[{"href":"https:\/\/lamalaga.com\/polski\/wp-json\/wp\/v2\/types\/post"}],"author":[{"embeddable":true,"href":"https:\/\/lamalaga.com\/polski\/wp-json\/wp\/v2\/users\/1"}],"replies":[{"embeddable":true,"href":"https:\/\/lamalaga.com\/polski\/wp-json\/wp\/v2\/comments?post=64"}],"version-history":[{"count":4,"href":"https:\/\/lamalaga.com\/polski\/wp-json\/wp\/v2\/posts\/64\/revisions"}],"predecessor-version":[{"id":1256,"href":"https:\/\/lamalaga.com\/polski\/wp-json\/wp\/v2\/posts\/64\/revisions\/1256"}],"wp:featuredmedia":[{"embeddable":true,"href":"https:\/\/lamalaga.com\/polski\/wp-json\/wp\/v2\/media\/1170"}],"wp:attachment":[{"href":"https:\/\/lamalaga.com\/polski\/wp-json\/wp\/v2\/media?parent=64"}],"wp:term":[{"taxonomy":"category","embeddable":true,"href":"https:\/\/lamalaga.com\/polski\/wp-json\/wp\/v2\/categories?post=64"},{"taxonomy":"post_tag","embeddable":true,"href":"https:\/\/lamalaga.com\/polski\/wp-json\/wp\/v2\/tags?post=64"}],"curies":[{"name":"wp","href":"https:\/\/api.w.org\/{rel}","templated":true}]}}