{"id":52,"date":"2014-11-21T02:27:00","date_gmt":"2014-11-21T02:27:00","guid":{"rendered":"http:\/\/lamalaga.com\/polski\/karpinski-franciszek-el-canto-sobre-el-nacimiento-del-senor-piesn-o-narodzeniu-panskim\/"},"modified":"2017-01-29T21:25:35","modified_gmt":"2017-01-30T02:25:35","slug":"karpinski-franciszek-el-canto-sobre-el-nacimiento-del-senor-piesn-o-narodzeniu-panskim","status":"publish","type":"post","link":"https:\/\/lamalaga.com\/polski\/karpinski-franciszek-el-canto-sobre-el-nacimiento-del-senor-piesn-o-narodzeniu-panskim\/","title":{"rendered":"Karpi\u0144ski, Franciszek &#8222;Pie\u015b\u0144 o Narodzeniu Pa\u0144skim&#8221;"},"content":{"rendered":"<p><span style=\"font-weight: bold;\">El canto sobre el nacimiento del Se\u00f1or<br \/>\n<\/span><span style=\"font-size: 85%;\">Franciszek Karpi\u0144ski (1792)<\/span><\/p>\n<p>Dios nace, el poder se somete,<br \/>\nel Se\u00f1or de los Cielos &#8211; desnudo;<br \/>\nel fuego se cristaliza, la luz se oscurece,<br \/>\ntiene fines el Infinito.<br \/>\nDespreciado, glorioso;<br \/>\nmortal, \u00a1Rey de los siglos!<\/p>\n<p>Y la palabra se hizo carne,<br \/>\ny habit\u00f3 entre nosotros.<\/p>\n<p>\u00bfCielo, acaso superas a la Tierra?<br \/>\nDios abandon\u00f3 tu dicha,<br \/>\nSe intern\u00f3 entre la gente amada,<br \/>\ncompartiendo molestias y fatigas.<br \/>\nBastante sufri\u00f3, bastante,<br \/>\n\u00a1nosotros fuimos los culpables!<\/p>\n<p>Y la palabra se hizo carne,<br \/>\ny habit\u00f3 entre nosotros.<\/p>\n<p>En un m\u00edsero establo nacido,<br \/>\n\u00a1el pesebre le sirvi\u00f3 de cuna!<br \/>\n\u00bfQue es lo que lo rodeaba?<br \/>\n\u00a1ganado, pastores y paja!<br \/>\nHumildes, \u00a1a ustedes les fue dado,<br \/>\ndarle la bienvenida antes que a los adinerados!<\/p>\n<p>Y la palabra se hizo carne,<br \/>\ny habit\u00f3 entre nosotros.<\/p>\n<p>Despu\u00e9s tambi\u00e9n los reyes<br \/>\nse amontonaron entre la plebe,<br \/>\ndando en tributo al Se\u00f1or:<br \/>\nmirra, incienso y oro.<br \/>\n\u00a1Y Dios mezcl\u00f3 estos obsequios con<br \/>\nlas ofrendas campesinas!<\/p>\n<p>Y la palabra se hizo carne<br \/>\ny habit\u00f3 entre nosotros.<\/p>\n<p>Alza la mano, Hijo de Dios,<br \/>\nbendice la Patria querida,<br \/>\nen buenos consejos, en bienestar,<br \/>\nampara su fuerza con la tuya<br \/>\n\u00a1Nuestra casa y todas nuestras pertenencias,<br \/>\ny tus pueblos y ciudades!<\/p>\n<p>Y la palabra se hizo carne<br \/>\ny habit\u00f3 entre nosotros.<\/p>\n<p>[Trad. Luc\u00eda M\u00e1laga-Sabogal]<\/p>\n<p><span style=\"font-weight: bold;\">&#8212;&#8212;&#8212;&#8212;&#8212;&#8212;&#8212;&#8212;&#8212;&#8212;&#8212;&#8212;&#8212;&#8212;&#8212;&#8212;&#8212;&#8212;&#8212;&#8212;&#8212;&#8212;<br \/>\nPie\u015b\u0144 o Narodzeniu Pa\u0144skim<br \/>\n<\/span><span style=\"font-size: 85%;\">Franciszek Karpi\u0144ski (1792)<\/span><\/p>\n<p>B\u00f3g si\u0119 rodzi, moc truchleje,<br \/>\nPan niebios\u00f3w obna\u017cony;<br \/>\nogie\u0144 krzepnie, blask ciemnieje,<br \/>\nma granice Niesko\u0144czony.<br \/>\nWzgardzony, okryty chwa\u0142\u0105;<br \/>\n\u015bmiertelny, Kr\u00f3l nad wiekami!<\/p>\n<p>A S\u0142owo Cia\u0142em si\u0119 sta\u0142o<br \/>\ni mieszka\u0142o mi\u0119dzy nami.<\/p>\n<p>C\u00f3\u017c, niebo, masz nad ziemiany?<br \/>\nB\u00f3g porzuci\u0142 szcz\u0119\u015bcie twoje,<br \/>\nwszed\u0142 mi\u0119dzy lud ukochany,<br \/>\ndziel\u0105c z nim trudy i znoje.<br \/>\nNiema\u0142o cierpia\u0142, niema\u0142o,<br \/>\n\u017ce\u015bmy byli winni sami!<\/p>\n<p>A S\u0142owo Cia\u0142em si\u0119 sta\u0142o<br \/>\ni mieszka\u0142o mi\u0119dzy nami.<\/p>\n<p>W n\u0119dznej szopie urodzony,<br \/>\n\u017c\u0142\u00f3b Mu za kolebk\u0119 dano!<br \/>\nC\u00f3\u017c jest? Czym by\u0142 otoczony?<br \/>\nByd\u0142o, pasterze i siano!<br \/>\nUbodzy, was to spotka\u0142o,<br \/>\nwita\u0107 Go przed bogaczami!<\/p>\n<p>A S\u0142owo Cia\u0142em si\u0119 sta\u0142o<br \/>\ni mieszka\u0142o mi\u0119dzy nami.<\/p>\n<p>Potem i kr\u00f3le widziani<br \/>\ncisn\u0105 si\u0119 mi\u0119dzy prostot\u0105,<br \/>\nnios\u0105c dary Panu w dani:<br \/>\nmirr\u0119, kadzid\u0142o i z\u0142oto.<br \/>\nB\u00f3stwo to razem zmiesza\u0142o<br \/>\nz wie\u015bniaczymi ofiarami!<\/p>\n<p>A S\u0142owo Cia\u0142em si\u0119 sta\u0142o<br \/>\ni mieszka\u0142o mi\u0119dzy nami.<\/p>\n<p>Podnie\u015b r\u0119k\u0119, Bo\u017ce Dzieci\u0119,<br \/>\nb\u0142ogos\u0142aw Ojczyzn\u0119 mi\u0142\u0105,<br \/>\nw dobrych radach, w dobrym bycie<br \/>\nwspieraj jej si\u0142\u0119 sw\u0105 si\u0142\u0105.<br \/>\nDom nasz i maj\u0119tno\u015b\u0107 ca\u0142\u0105,<br \/>\ni twoje wioski z miastami!<\/p>\n<p>A S\u0142owo Cia\u0142em si\u0119 sta\u0142o<br \/>\ni mieszka\u0142o mi\u0119dzy nami.<br \/>\n<span style=\"font-size: 85%;\">(orygina\u0142 z\u00a0<a href=\"http:\/\/mykrak.vox.com\/library\/post\/b%C3%B3g-si%C4%99-rodzi.html\">http:\/\/mykrak.vox.com\/library\/post\/b%C3%B3g-si%C4%99-rodzi.html<\/a>)<\/span><\/p>\n<p><b>Interpretacje<\/b><\/p>\n<p><iframe loading=\"lazy\" src=\"https:\/\/embed.spotify.com\/?uri=spotify%3Atrack%3A4u88BZCgefscPyxrg3Ktji\" width=\"300\" height=\"380\" frameborder=\"0\"><\/iframe><br \/>\n<div class=\"rpbt_shortcode\">\n<h3>Powi\u0105zane wpisy<\/h3>\n<ul>\n\t\t\t\t\t\n\t\t\t<li>\n\t\t\t\t<a href=\"https:\/\/lamalaga.com\/polski\/jesus-pequenito-jezus-malusienki\/\">Jezus malusie\u0144ki&#8230;<\/a>\n\t\t\t<\/li>\n\t\t\t\t\t\n\t\t\t<li>\n\t\t\t\t<a href=\"https:\/\/lamalaga.com\/polski\/edward-stachura-tango-triste-traduccion\/\">Stachura, Edward &#8222;Tango Triste&#8221;<\/a>\n\t\t\t<\/li>\n\t\t\t\t\t\n\t\t\t<li>\n\t\t\t\t<a href=\"https:\/\/lamalaga.com\/polski\/lesmian-boleslaw-w-malinowym-chrusniaku\/\">Le\u015bmian, Boles\u0142aw &#8222;W malinowym chru\u015bniaku&#8221;<\/a>\n\t\t\t<\/li>\n\t\t\t\t\t\n\t\t\t<li>\n\t\t\t\t<a href=\"https:\/\/lamalaga.com\/polski\/tuwim-julian-sen-zlotowlosej-dziewczynki\/\">Tuwim, Julian &#8222;Sen z\u0142otow\u0142osej dziewczynki&#8221;<\/a>\n\t\t\t<\/li>\n\t\t\t\t\t\n\t\t\t<li>\n\t\t\t\t<a href=\"https:\/\/lamalaga.com\/polski\/baczynski-krzysztof-kamil-jesien-41r\/\">Baczy\u0144ski, Krzysztof Kamil &#8222;JESIE\u0143 41r&#8221;<\/a>\n\t\t\t<\/li>\n\t\t\t<\/ul>\n<\/div><\/p>\n","protected":false},"excerpt":{"rendered":"<p>El canto sobre el nacimiento del Se\u00f1or Franciszek Karpi\u0144ski (1792) Dios nace, el poder se somete, el Se\u00f1or de los Cielos &#8211; desnudo; el fuego<\/p>\n","protected":false},"author":1,"featured_media":1204,"comment_status":"open","ping_status":"open","sticky":false,"template":"","format":"audio","meta":{"footnotes":""},"categories":[65,47],"tags":[84,87,92,96,103],"class_list":["post-52","post","type-post","status-publish","format-audio","has-post-thumbnail","hentry","category-na-hiszpanski","category-przeklady","tag-karpinski-franciszek","tag-koledy","tag-liryka","tag-literatura-polska","tag-poezja","post_format-post-format-audio"],"_links":{"self":[{"href":"https:\/\/lamalaga.com\/polski\/wp-json\/wp\/v2\/posts\/52","targetHints":{"allow":["GET"]}}],"collection":[{"href":"https:\/\/lamalaga.com\/polski\/wp-json\/wp\/v2\/posts"}],"about":[{"href":"https:\/\/lamalaga.com\/polski\/wp-json\/wp\/v2\/types\/post"}],"author":[{"embeddable":true,"href":"https:\/\/lamalaga.com\/polski\/wp-json\/wp\/v2\/users\/1"}],"replies":[{"embeddable":true,"href":"https:\/\/lamalaga.com\/polski\/wp-json\/wp\/v2\/comments?post=52"}],"version-history":[{"count":4,"href":"https:\/\/lamalaga.com\/polski\/wp-json\/wp\/v2\/posts\/52\/revisions"}],"predecessor-version":[{"id":1268,"href":"https:\/\/lamalaga.com\/polski\/wp-json\/wp\/v2\/posts\/52\/revisions\/1268"}],"wp:featuredmedia":[{"embeddable":true,"href":"https:\/\/lamalaga.com\/polski\/wp-json\/wp\/v2\/media\/1204"}],"wp:attachment":[{"href":"https:\/\/lamalaga.com\/polski\/wp-json\/wp\/v2\/media?parent=52"}],"wp:term":[{"taxonomy":"category","embeddable":true,"href":"https:\/\/lamalaga.com\/polski\/wp-json\/wp\/v2\/categories?post=52"},{"taxonomy":"post_tag","embeddable":true,"href":"https:\/\/lamalaga.com\/polski\/wp-json\/wp\/v2\/tags?post=52"}],"curies":[{"name":"wp","href":"https:\/\/api.w.org\/{rel}","templated":true}]}}