{"id":40,"date":"2015-01-25T09:57:00","date_gmt":"2015-01-25T09:57:00","guid":{"rendered":"http:\/\/lamalaga.com\/polski\/herbert-zbigniew-la-piedra-kamyk\/"},"modified":"2017-01-30T16:03:16","modified_gmt":"2017-01-30T21:03:16","slug":"herbert-zbigniew-la-piedra-kamyk","status":"publish","type":"post","link":"https:\/\/lamalaga.com\/polski\/herbert-zbigniew-la-piedra-kamyk\/","title":{"rendered":"Herbert, Zbigniew &#8222;Kamyk&#8221;"},"content":{"rendered":"<p><strong>LA PIEDRA<\/strong><\/p>\n<p>La piedra es una criatura<br \/>\nperfecta<br \/>\nigual a si misma<br \/>\ncuidadosa de sus fronteras<\/p>\n<p>repleta con exactitud<br \/>\nde un sentido p\u00e9treo<\/p>\n<p>de un aroma que no trae ning\u00fan recuerdo<br \/>\nnada espanta, no despierta deseos<\/p>\n<p>su entusiasmo y frigidez<br \/>\nson razonables y llenos de dignidad<\/p>\n<p>siento un reproche pesado<br \/>\ncuando la levanto<br \/>\ny su cuerpo noble<br \/>\ntraspasa mi falso calor<\/p>\n<p>&#8211; Las piedras no se dejan domesticar<br \/>\nhasta el fin nos observar\u00e1n<br \/>\ncon ojos sosegados, muy claros<\/p>\n<p>[Trad. Luc\u00eda M\u00e1laga Sabogal]<\/p>\n<hr \/>\n<p><strong>KAMYK<\/strong><\/p>\n<p>Kamyk jest stworzeniem<br \/>\ndoskona\u0142ym<br \/>\nr\u00f3wnym samemu sobie<br \/>\npilnuj\u0105cy swych granic<\/p>\n<p>wype\u0142niony dok\u0142adnie<br \/>\nkamiennym sensem<\/p>\n<p>o zapachu kt\u00f3ry niczego nie przypomina<br \/>\nniczego nie p\u0142oszy nie budzi po\u017c\u0105dania<\/p>\n<p>jego zapa\u0142 i ch\u0142\u00f3d<br \/>\ns\u0105 s\u0142uszne i pe\u0142ne godno\u015bci<\/p>\n<p>czuj\u0119 ci\u0119\u017cki wyrzut<br \/>\nkiedy go trzymam w d\u0142oni<br \/>\ni cia\u0142o jego szlachetne<br \/>\nprzenika fa\u0142szywe ciep\u0142o<\/p>\n<p>&#8211; Kamyki nnie daj\u0105 si\u0119 oswoi\u0107<br \/>\ndo ko\u0144ca b\u0119d\u0105 na nas patrze\u0107<br \/>\nokiem spokojnym bardzo jasnym<\/p>\n<p>&#8212;&#8212;<br \/>\n<strong>\u00a0Interpretacje<\/strong><\/p>\n<p><iframe loading=\"lazy\" width=\"560\" height=\"315\" src=\"https:\/\/www.youtube.com\/embed\/vtZ6crbS-f8\" frameborder=\"0\" allowfullscreen><\/iframe><\/p>\n<div class=\"rpbt_shortcode\">\n<h3>Powi\u0105zane wpisy<\/h3>\n<ul>\n\t\t\t\t\t\n\t\t\t<li>\n\t\t\t\t<a href=\"https:\/\/lamalaga.com\/polski\/lesmian-boleslaw-w-malinowym-chrusniaku\/\">Le\u015bmian, Boles\u0142aw &#8222;W malinowym chru\u015bniaku&#8221;<\/a>\n\t\t\t<\/li>\n\t\t\t\t\t\n\t\t\t<li>\n\t\t\t\t<a href=\"https:\/\/lamalaga.com\/polski\/tuwim-julian-sen-zlotowlosej-dziewczynki\/\">Tuwim, Julian &#8222;Sen z\u0142otow\u0142osej dziewczynki&#8221;<\/a>\n\t\t\t<\/li>\n\t\t\t\t\t\n\t\t\t<li>\n\t\t\t\t<a href=\"https:\/\/lamalaga.com\/polski\/pawlikowska-jasnorzewska-maria-puesta-del-sol-zachod-slonca\/\">Pawlikowska &#8211; Jasnorzewska Maria &#8222;Zach\u00f3d s\u0142o\u0144ca&#8221;<\/a>\n\t\t\t<\/li>\n\t\t\t\t\t\n\t\t\t<li>\n\t\t\t\t<a href=\"https:\/\/lamalaga.com\/polski\/zbigniew-herbert-breviario-iv-brewiarz-iv\/\">Herbert, Zbigniew &#8222;Brewiarz IV&#8221;<\/a>\n\t\t\t<\/li>\n\t\t\t\t\t\n\t\t\t<li>\n\t\t\t\t<a href=\"https:\/\/lamalaga.com\/polski\/edward-stachura-sanctus\/\">Stachura, Edward &#8222;Sanctus&#8221;<\/a>\n\t\t\t<\/li>\n\t\t\t<\/ul>\n<\/div>\n","protected":false},"excerpt":{"rendered":"<p>LA PIEDRA La piedra es una criatura perfecta igual a si misma cuidadosa de sus fronteras repleta con exactitud de un sentido p\u00e9treo de un<\/p>\n","protected":false},"author":1,"featured_media":1214,"comment_status":"open","ping_status":"open","sticky":false,"template":"","format":"standard","meta":{"footnotes":""},"categories":[65,47],"tags":[81,92,96,103,104],"class_list":["post-40","post","type-post","status-publish","format-standard","has-post-thumbnail","hentry","category-na-hiszpanski","category-przeklady","tag-herbert-zbigniew","tag-liryka","tag-literatura-polska","tag-poezja","tag-poezja-spiewana"],"_links":{"self":[{"href":"https:\/\/lamalaga.com\/polski\/wp-json\/wp\/v2\/posts\/40","targetHints":{"allow":["GET"]}}],"collection":[{"href":"https:\/\/lamalaga.com\/polski\/wp-json\/wp\/v2\/posts"}],"about":[{"href":"https:\/\/lamalaga.com\/polski\/wp-json\/wp\/v2\/types\/post"}],"author":[{"embeddable":true,"href":"https:\/\/lamalaga.com\/polski\/wp-json\/wp\/v2\/users\/1"}],"replies":[{"embeddable":true,"href":"https:\/\/lamalaga.com\/polski\/wp-json\/wp\/v2\/comments?post=40"}],"version-history":[{"count":3,"href":"https:\/\/lamalaga.com\/polski\/wp-json\/wp\/v2\/posts\/40\/revisions"}],"predecessor-version":[{"id":1285,"href":"https:\/\/lamalaga.com\/polski\/wp-json\/wp\/v2\/posts\/40\/revisions\/1285"}],"wp:featuredmedia":[{"embeddable":true,"href":"https:\/\/lamalaga.com\/polski\/wp-json\/wp\/v2\/media\/1214"}],"wp:attachment":[{"href":"https:\/\/lamalaga.com\/polski\/wp-json\/wp\/v2\/media?parent=40"}],"wp:term":[{"taxonomy":"category","embeddable":true,"href":"https:\/\/lamalaga.com\/polski\/wp-json\/wp\/v2\/categories?post=40"},{"taxonomy":"post_tag","embeddable":true,"href":"https:\/\/lamalaga.com\/polski\/wp-json\/wp\/v2\/tags?post=40"}],"curies":[{"name":"wp","href":"https:\/\/api.w.org\/{rel}","templated":true}]}}