{"id":24,"date":"2015-12-10T14:00:00","date_gmt":"2015-12-10T14:00:00","guid":{"rendered":"http:\/\/lamalaga.com\/polski\/wladyslaw-broniewski-cuentos-de-auschwitz-opowiadania-oswiecimskie\/"},"modified":"2019-07-22T22:13:03","modified_gmt":"2019-07-23T03:13:03","slug":"wladyslaw-broniewski-cuentos-de-auschwitz-opowiadania-oswiecimskie","status":"publish","type":"post","link":"https:\/\/lamalaga.com\/polski\/wladyslaw-broniewski-cuentos-de-auschwitz-opowiadania-oswiecimskie\/","title":{"rendered":"Broniewski, W\u0142adys\u0142aw  &#8222;Opowiadania o\u015bwi\u0119cimskie&#8221;"},"content":{"rendered":"<p><strong>Cuentos de Auschwitz<\/strong><br \/>\n\u015awietny przek\u0142ad tego wiersza na hiszpa\u0144ski jest dost\u0119pny na blogu <a href=\"http:\/\/amarealaire.blogspot.com\/2015\/10\/el-libro-de-maria.html\">amareelaire<\/a>.<\/p>\n<p><strong>Opowiadania O\u015bwi\u0119cimskie<\/strong><br \/>\nW\u0142adys\u0142aw Broniewski<\/p>\n<p>Przeczyta\u0142em ksi\u0105\u017ck\u0119 Marii<br \/>\np\u0142acz\u0105c i wyj\u0105c.<br \/>\nTak pisz\u0105 tylko umarli,<br \/>\n\u017cyj\u0105c.<\/p>\n<p>Ja nie bylem wcale w O\u015bwi\u0119cimiu,<br \/>\nale go umiem na pami\u0119\u0107.<br \/>\nMaria&#8230;Jak jej bylo na imie?-<br \/>\nZamie\u0107&#8230;<\/p>\n<p>Sz\u0142a pod wiatr i pod deszcz, i pod \u015bnieg,<br \/>\nbosa,<br \/>\nz lewej SS-man, z prawej szpieg,<br \/>\nnie mia\u0142a papierosa,<\/p>\n<p>nie mia\u0142a nic, nic nie mia\u0142a,<br \/>\nbiedna,<br \/>\ni wo\u0142a\u0142a do mnie, wo\u0142a\u0142a,<br \/>\ni by\u0142a sama jedna.<\/p>\n<div class=\"rpbt_shortcode\">\n<h3>Powi\u0105zane wpisy<\/h3>\n<ul>\n\t\t\t\t\t\n\t\t\t<li>\n\t\t\t\t<a href=\"https:\/\/lamalaga.com\/polski\/bialoszewski-miron-no-se-escribir-nie-umiem-pisac\/\">Bia\u0142oszewski, Miron &#8222;Nie umiem pisa\u0107&#8221;<\/a>\n\t\t\t<\/li>\n\t\t\t\t\t\n\t\t\t<li>\n\t\t\t\t<a href=\"https:\/\/lamalaga.com\/polski\/stachura-edward-al-inicio-fueron-los-cantaros-na-poczatku-byly-dzbany\/\">Stachura, Edward &#8222;[Na pocz\u0105tku by\u0142y dzbany&#8230;]&#8221;<\/a>\n\t\t\t<\/li>\n\t\t\t\t\t\n\t\t\t<li>\n\t\t\t\t<a href=\"https:\/\/lamalaga.com\/polski\/baczynski-krzysztof-kamil-lluvias-deszcze\/\">Baczy\u0144ski, Krzysztof Kamil &#8222;Deszcze&#8221;<\/a>\n\t\t\t<\/li>\n\t\t\t\t\t\n\t\t\t<li>\n\t\t\t\t<a href=\"https:\/\/lamalaga.com\/polski\/galczynski-konstanty-ildefons-canto-sobre-los-soldados-de-westerplatte-piesn-o-zolnierzach-z-westerplatte\/\">Ga\u0142czy\u0144ski, Konstanty Ildefons &#8222;Pie\u015b\u0144 o \u017co\u0142nierzach z Westerplatte&#8221;<\/a>\n\t\t\t<\/li>\n\t\t\t\t\t\n\t\t\t<li>\n\t\t\t\t<a href=\"https:\/\/lamalaga.com\/polski\/poswiatowska-halina-desde-que-te-conoci-odkad-cie-poznalam\/\">Po\u015bwiatowska, Halina ***(Odk\u0105d ci\u0119 pozna\u0142am&#8230;)<\/a>\n\t\t\t<\/li>\n\t\t\t<\/ul>\n<\/div>\n","protected":false},"excerpt":{"rendered":"<p>Cuentos de Auschwitz \u015awietny przek\u0142ad tego wiersza na hiszpa\u0144ski jest dost\u0119pny na blogu amareelaire. Opowiadania O\u015bwi\u0119cimskie W\u0142adys\u0142aw Broniewski Przeczyta\u0142em ksi\u0105\u017ck\u0119 Marii p\u0142acz\u0105c i wyj\u0105c. Tak<\/p>\n","protected":false},"author":1,"featured_media":1301,"comment_status":"open","ping_status":"open","sticky":false,"template":"","format":"standard","meta":{"footnotes":""},"categories":[65,47],"tags":[67,73,92,96,103],"class_list":["post-24","post","type-post","status-publish","format-standard","has-post-thumbnail","hentry","category-na-hiszpanski","category-przeklady","tag-alheli-malaga-sabogal","tag-broniewski-wladyslaw","tag-liryka","tag-literatura-polska","tag-poezja"],"_links":{"self":[{"href":"https:\/\/lamalaga.com\/polski\/wp-json\/wp\/v2\/posts\/24","targetHints":{"allow":["GET"]}}],"collection":[{"href":"https:\/\/lamalaga.com\/polski\/wp-json\/wp\/v2\/posts"}],"about":[{"href":"https:\/\/lamalaga.com\/polski\/wp-json\/wp\/v2\/types\/post"}],"author":[{"embeddable":true,"href":"https:\/\/lamalaga.com\/polski\/wp-json\/wp\/v2\/users\/1"}],"replies":[{"embeddable":true,"href":"https:\/\/lamalaga.com\/polski\/wp-json\/wp\/v2\/comments?post=24"}],"version-history":[{"count":5,"href":"https:\/\/lamalaga.com\/polski\/wp-json\/wp\/v2\/posts\/24\/revisions"}],"predecessor-version":[{"id":1605,"href":"https:\/\/lamalaga.com\/polski\/wp-json\/wp\/v2\/posts\/24\/revisions\/1605"}],"wp:featuredmedia":[{"embeddable":true,"href":"https:\/\/lamalaga.com\/polski\/wp-json\/wp\/v2\/media\/1301"}],"wp:attachment":[{"href":"https:\/\/lamalaga.com\/polski\/wp-json\/wp\/v2\/media?parent=24"}],"wp:term":[{"taxonomy":"category","embeddable":true,"href":"https:\/\/lamalaga.com\/polski\/wp-json\/wp\/v2\/categories?post=24"},{"taxonomy":"post_tag","embeddable":true,"href":"https:\/\/lamalaga.com\/polski\/wp-json\/wp\/v2\/tags?post=24"}],"curies":[{"name":"wp","href":"https:\/\/api.w.org\/{rel}","templated":true}]}}