{"id":88,"date":"2008-04-11T18:07:00","date_gmt":"2008-04-11T18:07:00","guid":{"rendered":"http:\/\/lamalaga.com\/espa\/herbert-zbigniew-ala-tiene-un-gato-en-defensa-del-analfabetismo-ala-ma-kota-w-obronie-analfabetyzmu\/"},"modified":"2016-04-03T02:19:28","modified_gmt":"2016-04-03T02:19:28","slug":"herbert-zbigniew-ala-tiene-un-gato-en-defensa-del-analfabetismo-ala-ma-kota-w-obronie-analfabetyzmu","status":"publish","type":"post","link":"https:\/\/lamalaga.com\/esp\/herbert-zbigniew-ala-tiene-un-gato-en-defensa-del-analfabetismo-ala-ma-kota-w-obronie-analfabetyzmu\/","title":{"rendered":"Herbert Zbigniew \u00abAla tiene un gato. En defensa del analfabetismo\u00bb"},"content":{"rendered":"<p>Alguien podr\u00eda preguntarse: \u00bfPor qu\u00e9 esa frase? \u00bfQu\u00e9 tiene que ver Ala y el gato con el analfabetismo?<br \/>\nDebo explicar aqu\u00ed que la frase \u00abAla tiene un gato\u00bb es lo primero que suele aprender a leer un ni\u00f1o en Polonia, o por lo menos lo fue hasta hace poco. Algo similar a \u00abMi mam\u00e1 me mima\u00bb<\/p>\n<p>Zbigniew Herbert<\/p>\n<p><span style=\"font-weight: bold\">Ala tiene un gato. En defensa del analfabetismo.<\/span><\/p>\n<p>Del hecho de haber asimilado<br \/>\nel conocimiento de que Ala tiene un gato<br \/>\nel se\u00f1or Cogito lleg\u00f3 a<br \/>\nconsecuencias demasiado lejanas<\/p>\n<p>acaso la habilidad adquirida<br \/>\nautoriza para dar sentencias<br \/>\npara abrir colegios de buen gusto<br \/>\npara emitir juicios sobre proyectos de reconstrucci\u00f3n<br \/>\nde la humanidad<br \/>\nimitando al c\u00f3mico<br \/>\nAugust Comte<\/p>\n<p>acaso no ser\u00eda mejor<br \/>\nrenunciar al<br \/>\nadquirido<br \/>\na poco costa conocimiento<br \/>\ny limitarse a<br \/>\nla sabidur\u00eda<br \/>\nde los monta\u00f1eses viejos<br \/>\nsobre la falta de un real<br \/>\nprogreso<\/p>\n<p>eso significar\u00eda<br \/>\nel incremento del desempleo<br \/>\nuna gran cantidad de orificios bucales<br \/>\nsin empleo<br \/>\nel claro conocimiento<br \/>\nde que toda la filosof\u00eda<br \/>\nes innecesaria e incluso da\u00f1ina<\/p>\n<p>[Trad. Luc\u00eda M\u00e1laga Sabogal]<\/p>\n<p>&#8212;&#8212;&#8212;&#8212;&#8212;&#8212;&#8212;&#8212;&#8212;&#8212;&#8212;&#8212;&#8212;&#8212;&#8212;&#8212;&#8212;&#8212;&#8212;&#8212;&#8212;&#8212;<br \/>\nZbigniew Herbert<br \/>\n<span style=\"font-weight: bold\">Ala ma kota. W obronie analfabetyzmu.<\/span><\/p>\n<p>Z faktu przyswojenia sobie<br \/>\nwiedzy \u017ce Ala ma kota<br \/>\nPan Cogito wyci\u0105gn\u0105\u0142<br \/>\nzbyt daleko id\u0105ce konsekwencje<\/p>\n<p>czy nabyta umiej\u0119tno\u015b\u0107<br \/>\nupowa\u017cnia do ferowania wyrok\u00f3w<br \/>\nzak\u0142adania szk\u00f3\u0142 dobrego gustu<br \/>\nopiniowania projekt\u00f3w odbudowy<br \/>\nludzko\u015bci<br \/>\nna wz\u00f3r komicznego<br \/>\nAugusta Comte&#8217;a<\/p>\n<p>czy nie lepiej<br \/>\nby\u0142o zaniecha\u0107<br \/>\nzdobytej<br \/>\ntanim kosztem wiedzy<br \/>\ni poprzesta\u0107<br \/>\nna m\u0105dro\u015bci<br \/>\nstarych g\u00f3rali<br \/>\no braku prawdziwego<br \/>\npost\u0119pu<\/p>\n<p>oznacza\u0142oby to<br \/>\nwzrost bezrobocia<br \/>\ndu\u017c\u0105 ilo\u015b\u0107 nie zatrudnionych<br \/>\notwor\u00f3w g\u0119bowych<br \/>\nklarown\u0105 wiedz\u0119<br \/>\n\u017ce wszelka filozofia<br \/>\njest zbyteczna a nawet szkodliwa<\/p>\n","protected":false},"excerpt":{"rendered":"","protected":false},"author":1,"featured_media":764,"comment_status":"open","ping_status":"open","sticky":false,"template":"","format":"standard","meta":{"footnotes":""},"categories":[63,55],"tags":[87,96,101,111],"class_list":["post-88","post","type-post","status-publish","format-standard","has-post-thumbnail","hentry","category-al-castellano","category-traducciones","tag-herbert-zbigniew","tag-lirica","tag-literatura-polaca","tag-poesia"],"_links":{"self":[{"href":"https:\/\/lamalaga.com\/esp\/wp-json\/wp\/v2\/posts\/88","targetHints":{"allow":["GET"]}}],"collection":[{"href":"https:\/\/lamalaga.com\/esp\/wp-json\/wp\/v2\/posts"}],"about":[{"href":"https:\/\/lamalaga.com\/esp\/wp-json\/wp\/v2\/types\/post"}],"author":[{"embeddable":true,"href":"https:\/\/lamalaga.com\/esp\/wp-json\/wp\/v2\/users\/1"}],"replies":[{"embeddable":true,"href":"https:\/\/lamalaga.com\/esp\/wp-json\/wp\/v2\/comments?post=88"}],"version-history":[{"count":1,"href":"https:\/\/lamalaga.com\/esp\/wp-json\/wp\/v2\/posts\/88\/revisions"}],"predecessor-version":[{"id":1015,"href":"https:\/\/lamalaga.com\/esp\/wp-json\/wp\/v2\/posts\/88\/revisions\/1015"}],"wp:featuredmedia":[{"embeddable":true,"href":"https:\/\/lamalaga.com\/esp\/wp-json\/wp\/v2\/media\/764"}],"wp:attachment":[{"href":"https:\/\/lamalaga.com\/esp\/wp-json\/wp\/v2\/media?parent=88"}],"wp:term":[{"taxonomy":"category","embeddable":true,"href":"https:\/\/lamalaga.com\/esp\/wp-json\/wp\/v2\/categories?post=88"},{"taxonomy":"post_tag","embeddable":true,"href":"https:\/\/lamalaga.com\/esp\/wp-json\/wp\/v2\/tags?post=88"}],"curies":[{"name":"wp","href":"https:\/\/api.w.org\/{rel}","templated":true}]}}