{"id":35,"date":"2015-10-31T13:00:00","date_gmt":"2015-10-31T13:00:00","guid":{"rendered":"http:\/\/lamalaga.com\/espa\/desigualdad-extrema-el-pasado-y-hoy\/"},"modified":"2017-01-19T18:16:21","modified_gmt":"2017-01-19T18:16:21","slug":"desigualdad-extrema-el-pasado-y-hoy","status":"publish","type":"post","link":"https:\/\/lamalaga.com\/esp\/desigualdad-extrema-el-pasado-y-hoy\/","title":{"rendered":"Desigualdad extrema &#8211; El pasado y hoy"},"content":{"rendered":"<p><a style=\"clear: right;float: right;margin-bottom: 1em;margin-left: 1em\" href=\"http:\/\/thumbnail.myheritageimages.com\/018\/072\/45018072\/500\/500891_66144004yd2112a0q09ffd_D_93x128.jpg\"><img loading=\"lazy\" decoding=\"async\" src=\"http:\/\/thumbnail.myheritageimages.com\/018\/072\/45018072\/500\/500891_66144004yd2112a0q09ffd_D_93x128.jpg\" alt=\"\" width=\"232\" height=\"320\" border=\"0\" \/><\/a>Hace ya un tiempo estuve leyendo una carta que mi bisabuela le escribi\u00f3 a su institutriz. Fue una experiencia extra\u00f1a. Para comenzar, la carta estaba escrita en alem\u00e1n, idioma que no conozco en absoluto, y mi t\u00eda abuela (su hija) en conjunto con mi mam\u00e1 hicieron la traducci\u00f3n del texto.<br \/>\nLa ep\u00edstola me despert\u00f3 dudas, \u00bfera realmente una carta? Si lo fue, \u00bfpor qu\u00e9 nunca fue enviada? En la familia dec\u00edan que ella ten\u00eda un gran talento literario. Puede que adoptara el estilo epistolar al redactar sus memorias. Si lo que pude leer fue un fragmento de sus memorias, \u00bfqu\u00e9 pas\u00f3 con el resto?<br \/>\nLa descripci\u00f3n de un mundo que el viento se llev\u00f3 me entristeci\u00f3.<\/p>\n<div><\/div>\n<p>Mi bisabuela naci\u00f3 en una familia noble del imperio Austro &#8211; H\u00fangaro. Si bien su padre no era primog\u00e9nito tuvo suficiente dinero para comprar una propiedad (o varias, ya no lo recuerdo bien) cuando as\u00ed lo requiri\u00f3. Se cas\u00f3 \u00abbien\u00bb, con una veneciana con la que no ten\u00eda nada en com\u00fan y al poco tiempo el matrimonio se separ\u00f3. A los siete a\u00f1os a mi bisabuela le dijeron que ahora le tocaba vivir con su padre que era polaco. As\u00ed, probablemente fruto de un matrimonio infeliz, mi bisabuela result\u00f3 siendo hija \u00fanica (por lo menos legalmente pues los hijos de fuera del matrimonio entonces mo se consideraban) lo cual significaba que era un excelente partido pues hereder\u00eda las propiedades de su padre lo cual no hubiera pasado si tuviera hermanos.<br \/>\nEl texto era conmovedoramente sincero y me hizo pensar sobre las diferencias sociales y la nula movilidad social en el pasado. Comenzaba con la descripci\u00f3n del baile que organizaron en su honor cuando lleg\u00f3 a las propiedades de su padre. Mientras en el sal\u00f3n de baile se divert\u00edan los invitados, los jud\u00edos y los campesinos admiraban todo por la ventana. En el baile estaban presentes las hijas del administrador de la finca que a pesar de haber sido invitadas no eran un partido atractivo pues no pose\u00edan propiedades. Mi bisabuela percib\u00eda la incomodidad de las muchachas y admiraba su belleza. Me resultaba sorprendente lo claras que eran las diferencias sociales, lo inamovibles, dif\u00edciles de superar. Cuando pensamos en el pasado muchos tenemos la tendencia a idealizarlo, pero recordemos que no todo pasado fue mejor.<\/p>\n<div><a href=\"https:\/\/2.bp.blogspot.com\/-MdazgINrWJg\/Vsk56nEDgsI\/AAAAAAAADko\/eAHY-K9-Gwo\/s1600\/portada-informe.jpg\"><img loading=\"lazy\" decoding=\"async\" class=\"alignright\" src=\"https:\/\/2.bp.blogspot.com\/-MdazgINrWJg\/Vsk56nEDgsI\/AAAAAAAADko\/eAHY-K9-Gwo\/s320\/portada-informe.jpg\" alt=\"\" width=\"238\" height=\"320\" border=\"0\" \/><\/a><\/div>\n<p>\u00bfEs muy diferente la sociedad hoy? Creo que s\u00ed, pero s\u00f3lo hasta cierto grado y mucho depende de d\u00f3nde vives y de d\u00f3nde eres. En el Per\u00fa y en general en Am\u00e9rica Latina existen enormes desigualdades. Oxfam public\u00f3 hace poco un informe <a href=\"https:\/\/www.oxfam.org\/es\/informes\/privilegios-que-niegan-derechos\" target=\"_blank\">Privilegios que niegan derechos: desigualdad extrema y secuestro de la democracia en Am\u00e9rica Latina y el Caribe<\/a>. En este texto explican que Am\u00e9rica Latina y el Caribe (ALC) es la regi\u00f3n m\u00e1s desigual del mundo, seguida de \u00c1frica Subsahariana. \u00bfY qu\u00e9 tiene de malo la desigualdad?, podr\u00edan preguntar algunos. Pues la extrema desigualdad en nuestra regi\u00f3n est\u00e1 asociada a la falta de oportunidades y al secuestro de la democracia por los grupos pudientes que se preocupan m\u00e1s por promover sus intereses y en consecuencia no defienden los intereses de quienes sufren de falta de oportunidades.<br \/>\nPor otro lado, la desigualdad no es igual en todos los paises de ALC, si tomamos en cuenta el \u00edndice Gini los pa\u00edses m\u00e1s desiguales de la regi\u00f3n son en este \u00f3rden: Surinam, Hait\u00ed, Honduras, Bolivia, Guatemala y Brasil.<br \/>\n\u00bfSignifica eso que en ALC es imposibles escalar socialmente? No lo creo. Pero el esfuerzo es tit\u00e1nico, y un poco de suerte no viene m\u00e1l. No he estudiado con exactitud la situaci\u00f3n de otros pa\u00edses pero en Per\u00fa la posici\u00f3n de ciertos grupos excluidos es extremadamente dif\u00edcil, especialmente de las mujeres nacidas en el campo, tema que se merece una entrada aparte. Espero que con el tiempo estas desigualdades se atenuen en vez de agudizarse&#8230;<br \/>\n<div class=\"rpbt_shortcode\">\n<h3>Art\u00edculos Relacionados<\/h3>\n<ul>\n\t\t\t\t\t\n\t\t\t<li>\n\t\t\t\t<a href=\"https:\/\/lamalaga.com\/esp\/un-desafio-persistente-en-la-feria-del-libro-ricardo-palma\/\">Un desaf\u00edo persistente en la feria del libro Ricardo Palma<\/a>\n\t\t\t<\/li>\n\t\t\t\t\t\n\t\t\t<li>\n\t\t\t\t<a href=\"https:\/\/lamalaga.com\/esp\/vivir-en-lima-distribucion-y-edad-de-los-limenos-por-distrito\/\">Vivir en Lima. Distribuci\u00f3n y edad de los lime\u00f1os por distrito.<\/a>\n\t\t\t<\/li>\n\t\t\t\t\t\n\t\t\t<li>\n\t\t\t\t<a href=\"https:\/\/lamalaga.com\/esp\/10-anos-en-lima-lo-aprendido-en-la-gran-ciudad\/\">10 a\u00f1os en Lima: lo aprendido en la gran ciudad<\/a>\n\t\t\t<\/li>\n\t\t\t\t\t\n\t\t\t<li>\n\t\t\t\t<a href=\"https:\/\/lamalaga.com\/esp\/la-violencia-fisica-y-sexual-en-el-peru\/\">La violencia f\u00edsica y sexual en el Per\u00fa<\/a>\n\t\t\t<\/li>\n\t\t\t\t\t\n\t\t\t<li>\n\t\t\t\t<a href=\"https:\/\/lamalaga.com\/esp\/resultados-serce\/\">Resultados SERCE<\/a>\n\t\t\t<\/li>\n\t\t\t<\/ul>\n<\/div><\/p>\n","protected":false},"excerpt":{"rendered":"","protected":false},"author":1,"featured_media":644,"comment_status":"open","ping_status":"open","sticky":false,"template":"","format":"standard","meta":{"footnotes":""},"categories":[43],"tags":[67,79],"class_list":["post-35","post","type-post","status-publish","format-standard","has-post-thumbnail","hentry","category-peru","tag-america-latina","tag-desigualdad"],"_links":{"self":[{"href":"https:\/\/lamalaga.com\/esp\/wp-json\/wp\/v2\/posts\/35","targetHints":{"allow":["GET"]}}],"collection":[{"href":"https:\/\/lamalaga.com\/esp\/wp-json\/wp\/v2\/posts"}],"about":[{"href":"https:\/\/lamalaga.com\/esp\/wp-json\/wp\/v2\/types\/post"}],"author":[{"embeddable":true,"href":"https:\/\/lamalaga.com\/esp\/wp-json\/wp\/v2\/users\/1"}],"replies":[{"embeddable":true,"href":"https:\/\/lamalaga.com\/esp\/wp-json\/wp\/v2\/comments?post=35"}],"version-history":[{"count":1,"href":"https:\/\/lamalaga.com\/esp\/wp-json\/wp\/v2\/posts\/35\/revisions"}],"predecessor-version":[{"id":1261,"href":"https:\/\/lamalaga.com\/esp\/wp-json\/wp\/v2\/posts\/35\/revisions\/1261"}],"wp:featuredmedia":[{"embeddable":true,"href":"https:\/\/lamalaga.com\/esp\/wp-json\/wp\/v2\/media\/644"}],"wp:attachment":[{"href":"https:\/\/lamalaga.com\/esp\/wp-json\/wp\/v2\/media?parent=35"}],"wp:term":[{"taxonomy":"category","embeddable":true,"href":"https:\/\/lamalaga.com\/esp\/wp-json\/wp\/v2\/categories?post=35"},{"taxonomy":"post_tag","embeddable":true,"href":"https:\/\/lamalaga.com\/esp\/wp-json\/wp\/v2\/tags?post=35"}],"curies":[{"name":"wp","href":"https:\/\/api.w.org\/{rel}","templated":true}]}}