{"id":29,"date":"2015-12-10T14:00:00","date_gmt":"2015-12-10T14:00:00","guid":{"rendered":"http:\/\/lamalaga.com\/espa\/2015\/12\/10\/wladyslaw-broniewski-cuentos-de-auschwitz-opowiadania-oswiecimskie\/"},"modified":"2019-07-23T03:14:34","modified_gmt":"2019-07-23T03:14:34","slug":"wladyslaw-broniewski-cuentos-de-auschwitz-opowiadania-oswiecimskie","status":"publish","type":"post","link":"https:\/\/lamalaga.com\/esp\/wladyslaw-broniewski-cuentos-de-auschwitz-opowiadania-oswiecimskie\/","title":{"rendered":"W\u0142adys\u0142aw Broniewski \u00abCuentos de Auschwitz\u00bb"},"content":{"rendered":"<div style=\"clear: both; text-align: center;\"><\/div>\n<div>El poema hace referencia a los relatos publicados por la esposa del poeta: Maria Zar\u0119bi\u0144ska-Broniewska, fruto de su encierro en Auschwitz y de las experiencias que recopil\u00f3 de otras personas. La autora muri\u00f3 poco tiempo despu\u00e9s de la guerra, en 1947, pero se dice que este poema lo escribi\u00f3 Broniewski al creer que ella hab\u00eda fallecido en el campo de concentraci\u00f3n.<\/div>\n<p><strong>Cuentos de Auschwitz<\/strong><br \/>\nPara una excelente traducci\u00f3n de este desolador texto ver el\u00a0<a href=\"http:\/\/amarealaire.blogspot.com\/2015\/10\/el-libro-de-maria.html\" target=\"_blank\" rel=\"noopener noreferrer\">enlace<\/a>. A continuaci\u00f3n el texto original<\/p>\n<div style=\"clear: both; text-align: center;\"><\/div>\n<div><strong>Opowiadania O\u015bwi\u0119cimskie<\/strong><br \/>\nW\u0142adys\u0142aw BroniewskiPrzeczyta\u0142em ksi\u0105\u017ck\u0119 Marii<br \/>\np\u0142acz\u0105c i wyj\u0105c.<br \/>\nTak pisz\u0105 tylko umarli,<br \/>\n\u017cyj\u0105c.<\/p>\n<p>Ja nie bylem wcale w O\u015bwi\u0119cimiu,<br \/>\nale go umiem na pami\u0119\u0107.<br \/>\nMaria&#8230;Jak jej bylo na imie?-<br \/>\nZamie\u0107&#8230;<\/p>\n<p>Sz\u0142a pod wiatr i pod deszcz, i pod \u015bnieg,<br \/>\nbosa,<br \/>\nz lewej SS-man, z prawej szpieg,<br \/>\nnie mia\u0142a papierosa,<\/p>\n<p>nie mia\u0142a nic, nic nie mia\u0142a,<br \/>\nbiedna,<br \/>\ni wo\u0142a\u0142a do mnie, wo\u0142a\u0142a,<br \/>\ni by\u0142a sama jedna.<\/p>\n<p>Il. z\u00a0<a href=\"http:\/\/www.blue-isis.com\/wp-content\/uploads\/suffering_children1-470x260.jpg\">http:\/\/www.blue-isis.com\/wp-content\/uploads\/suffering_children1-470&#215;260.jpg<\/a><\/p>\n<\/div>\n<div class=\"rpbt_shortcode\">\n<h3>Art\u00edculos Relacionados<\/h3>\n<ul>\n\t\t\t\t\t\n\t\t\t<li>\n\t\t\t\t<a href=\"https:\/\/lamalaga.com\/esp\/stachura-edward-al-inicio-fueron-los-cantaros-na-poczatku-byly-dzbany\/\">Stachura, Edward \u00ab[Al inicio fueron los c\u00e1ntaros]\u00bb<\/a>\n\t\t\t<\/li>\n\t\t\t\t\t\n\t\t\t<li>\n\t\t\t\t<a href=\"https:\/\/lamalaga.com\/esp\/baczynski-krzysztof-kamil-lluvias-deszcze\/\">Baczy\u0144ski, Krzysztof Kamil \u00abLluvias\u00bb<\/a>\n\t\t\t<\/li>\n\t\t\t\t\t\n\t\t\t<li>\n\t\t\t\t<a href=\"https:\/\/lamalaga.com\/esp\/galczynski-konstanty-ildefons-canto-sobre-los-soldados-de-westerplatte-piesn-o-zolnierzach-z-westerplatte\/\">Ga\u0142czy\u0144ski, Konstanty Ildefons \u00abCanto sobre los soldados de Westerplatte\u00bb<\/a>\n\t\t\t<\/li>\n\t\t\t\t\t\n\t\t\t<li>\n\t\t\t\t<a href=\"https:\/\/lamalaga.com\/esp\/poswiatowska-halina-desde-que-te-conoci-odkad-cie-poznalam\/\">Po\u015bwiatowska Halina *** (Desde que te conoc\u00ed&#8230;)<\/a>\n\t\t\t<\/li>\n\t\t\t\t\t\n\t\t\t<li>\n\t\t\t\t<a href=\"https:\/\/lamalaga.com\/esp\/lesmian-boleslaw-en-el-matorral-de-frambuesas\/\">Le\u015bmian Boles\u0142aw \u00abEn el matorral de frambuesas\u00bb<\/a>\n\t\t\t<\/li>\n\t\t\t<\/ul>\n<\/div>\n","protected":false},"excerpt":{"rendered":"","protected":false},"author":1,"featured_media":642,"comment_status":"open","ping_status":"open","sticky":false,"template":"","format":"standard","meta":{"footnotes":""},"categories":[63,55],"tags":[66,75,96,101,111],"class_list":["post-29","post","type-post","status-publish","format-standard","has-post-thumbnail","hentry","category-al-castellano","category-traducciones","tag-alheli-malaga-sabogal","tag-broniewski-wladyslaw","tag-lirica","tag-literatura-polaca","tag-poesia"],"_links":{"self":[{"href":"https:\/\/lamalaga.com\/esp\/wp-json\/wp\/v2\/posts\/29","targetHints":{"allow":["GET"]}}],"collection":[{"href":"https:\/\/lamalaga.com\/esp\/wp-json\/wp\/v2\/posts"}],"about":[{"href":"https:\/\/lamalaga.com\/esp\/wp-json\/wp\/v2\/types\/post"}],"author":[{"embeddable":true,"href":"https:\/\/lamalaga.com\/esp\/wp-json\/wp\/v2\/users\/1"}],"replies":[{"embeddable":true,"href":"https:\/\/lamalaga.com\/esp\/wp-json\/wp\/v2\/comments?post=29"}],"version-history":[{"count":3,"href":"https:\/\/lamalaga.com\/esp\/wp-json\/wp\/v2\/posts\/29\/revisions"}],"predecessor-version":[{"id":1376,"href":"https:\/\/lamalaga.com\/esp\/wp-json\/wp\/v2\/posts\/29\/revisions\/1376"}],"wp:featuredmedia":[{"embeddable":true,"href":"https:\/\/lamalaga.com\/esp\/wp-json\/wp\/v2\/media\/642"}],"wp:attachment":[{"href":"https:\/\/lamalaga.com\/esp\/wp-json\/wp\/v2\/media?parent=29"}],"wp:term":[{"taxonomy":"category","embeddable":true,"href":"https:\/\/lamalaga.com\/esp\/wp-json\/wp\/v2\/categories?post=29"},{"taxonomy":"post_tag","embeddable":true,"href":"https:\/\/lamalaga.com\/esp\/wp-json\/wp\/v2\/tags?post=29"}],"curies":[{"name":"wp","href":"https:\/\/api.w.org\/{rel}","templated":true}]}}