{"id":65,"date":"2009-02-28T19:59:00","date_gmt":"2009-02-28T19:59:00","guid":{"rendered":"http:\/\/lamalaga.com\/polski\/baczynski-krzysztof-kamil-la-culpa-wina\/"},"modified":"2017-01-29T21:08:49","modified_gmt":"2017-01-30T02:08:49","slug":"baczynski-krzysztof-kamil-la-culpa-wina","status":"publish","type":"post","link":"http:\/\/lamalaga.com\/polski\/baczynski-krzysztof-kamil-la-culpa-wina\/","title":{"rendered":"Baczy\u0144ski, Krzysztof Kamil &#8222;Wina&#8221;"},"content":{"rendered":"<p><strong>La Culpa\u00a0<\/strong><\/p>\n<p>San Jorge galopa por el sendero rojo<br \/>\nEntre los \u00e1rboles, cual planas mariposas verdes,<br \/>\nsobre un corcel que se eleva y tras ellos, al fondo,<br \/>\naguarda una ni\u00f1a peque\u00f1a, de a\u00f1iles cabellos.<br \/>\nEl drag\u00f3n se hinchi\u00f3 y desorbit\u00f3 los ojos celestes,<br \/>\nantes de que lo alcanzase el hidalgo &#8211; ech\u00f3 tres destellos<br \/>\ny expir\u00f3. Drag\u00f3n tonto: oh caballero ingenuo,<br \/>\nnada tiene retorno y nada es eterno<br \/>\nni el reptar por huertos embrujados<br \/>\nni el rezar en vi\u00f1edos negros.<br \/>\nYacen los despojos, emanando un verdor resbaloso,<br \/>\na\u00fan se desprenden algunas estrellas de las escamas perforadas,<br \/>\ny el caballero absorto, erguido, hace relucir su espada,<br \/>\nsiente cierta inquietud y una piedad amarga.<br \/>\n\u00bfQu\u00e9 es lo que te ocurre peque\u00f1ina de a\u00f1il cabello?<br \/>\n\u00bfPor qu\u00e9 lloras?, yace el drag\u00f3n, muerto est\u00e1 tu malhechor.<br \/>\n\u00bfDeseas acaso en los ruidos de la noche escuchar su aliento?<br \/>\nAcaso recuerdas esa infeliz, torpe dragonil vida<br \/>\ny que a veces canturreabas cual un arroyo dichoso<br \/>\napoyada en su cresta suave y deste\u00f1ida.<br \/>\nY retorna San Jorge al lugar donde la estela del bosque<br \/>\ntermina y comienza la sequedad polvorienta del sendero<br \/>\ny en paradas oscuras sue\u00f1a con el largo<br \/>\ncuello dragonil atravesado y con aquellos ojos que fueron<br \/>\nsaltones y tristes, y oye esa voz y esas l\u00e1grimas<br \/>\ny amargamente llora el crimen bajo la b\u00f3veda silenciosa.<\/p>\n<p>diciembre 1942<\/p>\n<p>[trad. Luc\u00eda M\u00e1laga-Sabogal]<\/p>\n<p>&#8212;&#8212;&#8212;&#8212;&#8212;&#8212;&#8212;&#8212;&#8212;&#8212;&#8212;&#8212;&#8212;&#8212;&#8212;&#8212;&#8212;&#8212;&#8212;&#8212;&#8212;&#8212;&#8212;&#8212;&#8212;<\/p>\n<p><strong>Wina\u00a0<\/strong><\/p>\n<p>W\u015br\u00f3d drzew, co s\u0105 jak p\u0142askie, zielone motyle,<br \/>\n\u015bwi\u0119ty Jerzy cwa\u0142uje po czerwonej \u015bcie\u017cce<br \/>\nna koniu, co si\u0119 wznosi, a za nimi w tyle<br \/>\nczeka ma\u0142a dziewczynka, w\u0142osy ma niebieskie.<br \/>\nSmok si\u0119 wyd\u0105\u0142 i oczy b\u0142\u0119kitne wy\u0142upi\u0142,<br \/>\nzanim go dopad\u0142 rycerz &#8211; trzykro\u0107 blaskiem rzuci\u0142<br \/>\ni zgin\u0105\u0142. G\u0142upi smoku: o rycerzu g\u0142upi,<br \/>\nto wszystko takie kr\u00f3tkie, a ju\u017c si\u0119 nie wr\u00f3ci<br \/>\nani sobie pe\u0142zanie po zakl\u0119tych sadach,<br \/>\nani sobie modlitwa w czarnych winogradach.<br \/>\nTruch\u0142o le\u017cy, paruje z niego ziele\u0144 \u015bliska,<br \/>\njeszcze si\u0119 gwiazdki jakie\u015b z \u0142usk przebitych sypi\u0105,<br \/>\ni rycerz zadumany stoi, mieczem b\u0142yska,<br \/>\ntak p\u00f3\u0142 czuje niepok\u00f3j, a p\u00f3\u0142 gorzk\u0105 lito\u015b\u0107.<br \/>\nC\u00f3\u017c to, ma\u0142a dziewczynko o niebieskich w\u0142osach,<br \/>\nczemu p\u0142aczesz? smok le\u017cy, zabit tw\u00f3j gn\u0119biciel.<br \/>\nNas\u0142uchujesz oddech\u00f3w jego w nocy g\u0142osach?<br \/>\nWspominasz to niezdarne, smutne, smocze \u017cycie<br \/>\ni \u017ce \u015bpiewa\u0142a\u015b czasem jak potok szcz\u0119\u015bliwie,<br \/>\nwsparta na jego mi\u0119kkiej, wyp\u0142owia\u0142ej grzywie?<br \/>\nI wraca \u015bwi\u0119ty Jerzy tam, gdzie lasu smuga<br \/>\nko\u0144czy si\u0119 i zaczyna trakt suchego py\u0142u,<br \/>\na na postojach ciemnych marzy mu si\u0119 d\u0142uga<br \/>\nsmocza szyja przebita i oczy, co by\u0142y<br \/>\nwypuk\u0142e i \u017ca\u0142osne, i g\u0142os, i \u0142zy s\u0142yszy,<br \/>\ni gorzko p\u0142acze zbrodni pod sklepieniem ciszy.<br \/>\ngrudzie\u0144 1942 r.<\/p>\n<p>orygina\u0142 wzi\u0119ty z<br \/>\n<a href=\"http:\/\/www.baczynski.art.pl\/wiersze\/252-W.html%C2%A0\" target=\"_blank\">\u00a0http:\/\/www.baczynski.art.pl\/wiersze\/252-W.html\u00a0<\/a><\/p>\n<div class=\"rpbt_shortcode\">\n<h3>Powi\u0105zane wpisy<\/h3>\n<ul>\n\t\t\t\t\t\n\t\t\t<li>\n\t\t\t\t<a href=\"http:\/\/lamalaga.com\/polski\/baczynski-krzysztof-kamil-jesien-41r\/\">Baczy\u0144ski, Krzysztof Kamil &#8222;JESIE\u0143 41r&#8221;<\/a>\n\t\t\t<\/li>\n\t\t\t\t\t\n\t\t\t<li>\n\t\t\t\t<a href=\"http:\/\/lamalaga.com\/polski\/baczynski-krzysztof-kamil-lluvias-deszcze\/\">Baczy\u0144ski, Krzysztof Kamil &#8222;Deszcze&#8221;<\/a>\n\t\t\t<\/li>\n\t\t\t\t\t\n\t\t\t<li>\n\t\t\t\t<a href=\"http:\/\/lamalaga.com\/polski\/baczynski-krzysztof-kamil-erotikos-erotyk\/\">Baczy\u0144ski, Krzysztof Kamil &#8222;erotyk&#8221;<\/a>\n\t\t\t<\/li>\n\t\t\t\t\t\n\t\t\t<li>\n\t\t\t\t<a href=\"http:\/\/lamalaga.com\/polski\/baczynski-krzysztof-kamil-magia-blanca-biala-magia\/\">Baczy\u0144ski, Krzysztof Kamil &#8222;Bia\u0142a Magia&#8221;<\/a>\n\t\t\t<\/li>\n\t\t\t\t\t\n\t\t\t<li>\n\t\t\t\t<a href=\"http:\/\/lamalaga.com\/polski\/baczynski-krzysztof-kamil-vivimos-en-lo-profundo-zyjemy-na-dnie\/\">Baczy\u0144ski, Krzysztof Kamil *** [\u017byjemy na dnie&#8230;]<\/a>\n\t\t\t<\/li>\n\t\t\t<\/ul>\n<\/div>\n","protected":false},"excerpt":{"rendered":"<p>La Culpa\u00a0 San Jorge galopa por el sendero rojo Entre los \u00e1rboles, cual planas mariposas verdes, sobre un corcel que se eleva y tras ellos,<\/p>\n","protected":false},"author":1,"featured_media":1169,"comment_status":"open","ping_status":"open","sticky":false,"template":"","format":"standard","meta":{"footnotes":""},"categories":[65,47],"tags":[70,92,96,103],"class_list":["post-65","post","type-post","status-publish","format-standard","has-post-thumbnail","hentry","category-na-hiszpanski","category-przeklady","tag-baczynski-krzysztof-kamil","tag-liryka","tag-literatura-polska","tag-poezja"],"_links":{"self":[{"href":"http:\/\/lamalaga.com\/polski\/wp-json\/wp\/v2\/posts\/65","targetHints":{"allow":["GET"]}}],"collection":[{"href":"http:\/\/lamalaga.com\/polski\/wp-json\/wp\/v2\/posts"}],"about":[{"href":"http:\/\/lamalaga.com\/polski\/wp-json\/wp\/v2\/types\/post"}],"author":[{"embeddable":true,"href":"http:\/\/lamalaga.com\/polski\/wp-json\/wp\/v2\/users\/1"}],"replies":[{"embeddable":true,"href":"http:\/\/lamalaga.com\/polski\/wp-json\/wp\/v2\/comments?post=65"}],"version-history":[{"count":2,"href":"http:\/\/lamalaga.com\/polski\/wp-json\/wp\/v2\/posts\/65\/revisions"}],"predecessor-version":[{"id":1106,"href":"http:\/\/lamalaga.com\/polski\/wp-json\/wp\/v2\/posts\/65\/revisions\/1106"}],"wp:featuredmedia":[{"embeddable":true,"href":"http:\/\/lamalaga.com\/polski\/wp-json\/wp\/v2\/media\/1169"}],"wp:attachment":[{"href":"http:\/\/lamalaga.com\/polski\/wp-json\/wp\/v2\/media?parent=65"}],"wp:term":[{"taxonomy":"category","embeddable":true,"href":"http:\/\/lamalaga.com\/polski\/wp-json\/wp\/v2\/categories?post=65"},{"taxonomy":"post_tag","embeddable":true,"href":"http:\/\/lamalaga.com\/polski\/wp-json\/wp\/v2\/tags?post=65"}],"curies":[{"name":"wp","href":"https:\/\/api.w.org\/{rel}","templated":true}]}}