{"id":31,"date":"2015-09-18T19:28:00","date_gmt":"2015-09-18T19:28:00","guid":{"rendered":"http:\/\/lamalaga.com\/polski\/pawlikowska-jasnorzewska-maria-ser-flor-byc-kwiatem\/"},"modified":"2017-01-30T16:13:03","modified_gmt":"2017-01-30T21:13:03","slug":"pawlikowska-jasnorzewska-maria-ser-flor-byc-kwiatem","status":"publish","type":"post","link":"http:\/\/lamalaga.com\/polski\/pawlikowska-jasnorzewska-maria-ser-flor-byc-kwiatem\/","title":{"rendered":"Pawlikowska-Jasnorzewska, Maria &#8222;By\u0107 kwiatem?&#8230;&#8221;"},"content":{"rendered":"<p><strong>\u00bfSer flor?&#8230; <\/strong><br \/>\nFlorecen. Callan entre las hojas.<br \/>\nAtadas o trepando las rejas&#8230;<br \/>\n\u00bfDecoraci\u00f3n? \u00bfReos? \u00bfExtras?<br \/>\nEs f\u00e1cil alabar las flores,<br \/>\nPero \u00bfser flor?&#8230;<\/p>\n<p>[Trad. Luc\u00eda M\u00e1laga Sabogal]<\/p>\n<hr \/>\n<p><strong>By\u0107 kwiatem?&#8230;<\/strong><\/p>\n<p>Rozkwitaj\u0105. Milcz\u0105 po\u015br\u00f3d li\u015bci.<br \/>\nW kij zwi\u0105zane lub pn\u0105 si\u0119 na krat\u0119&#8230;<br \/>\nDekoracje? Je\u0144cy? Staty\u015bci?<br \/>\n\u0141atwo chwali\u0107 kwiaty,<br \/>\nLecz by\u0107 kwiatem?&#8230;<\/p>\n<div class=\"rpbt_shortcode\">\n<h3>Powi\u0105zane wpisy<\/h3>\n<ul>\n\t\t\t\t\t\n\t\t\t<li>\n\t\t\t\t<a href=\"http:\/\/lamalaga.com\/polski\/pawlikowska-jasnorzewska-maria-puesta-del-sol-zachod-slonca\/\">Pawlikowska &#8211; Jasnorzewska Maria &#8222;Zach\u00f3d s\u0142o\u0144ca&#8221;<\/a>\n\t\t\t<\/li>\n\t\t\t\t\t\n\t\t\t<li>\n\t\t\t\t<a href=\"http:\/\/lamalaga.com\/polski\/pawlikowska-jasnorzewska-maria-ofelia\/\">Pawlikowska-Jasnorzewska, Maria &#8222;Ofelia&#8221;<\/a>\n\t\t\t<\/li>\n\t\t\t\t\t\n\t\t\t<li>\n\t\t\t\t<a href=\"http:\/\/lamalaga.com\/polski\/pawlikowska-jasnorzewska-maria-el-suicida-samobojca\/\">Pawlikowska-Jasnorzewska, Maria &#8222;Samob\u00f3jca&#8221;<\/a>\n\t\t\t<\/li>\n\t\t\t\t\t\n\t\t\t<li>\n\t\t\t\t<a href=\"http:\/\/lamalaga.com\/polski\/pawlikowska-jasnorzewska-maria-las-rosas-oxidadas-de-otono-zardzewiale-roze-jesieni\/\">Pawlikowska-Jasnorzewska, Maria &#8222;Zardzewia\u0142e r\u00f3\u017ce jesieni&#8221;<\/a>\n\t\t\t<\/li>\n\t\t\t\t\t\n\t\t\t<li>\n\t\t\t\t<a href=\"http:\/\/lamalaga.com\/polski\/pawlikowska-jasnorzewska-maria-fotografia-fotografia\/\">Pawlikowska-Jasnorzewska, Maria &#8222;Fotografia&#8221;<\/a>\n\t\t\t<\/li>\n\t\t\t<\/ul>\n<\/div>\n","protected":false},"excerpt":{"rendered":"<p>\u00bfSer flor?&#8230; Florecen. Callan entre las hojas. Atadas o trepando las rejas&#8230; \u00bfDecoraci\u00f3n? \u00bfReos? \u00bfExtras? Es f\u00e1cil alabar las flores, Pero \u00bfser flor?&#8230; [Trad. Luc\u00eda<\/p>\n","protected":false},"author":1,"featured_media":1221,"comment_status":"open","ping_status":"open","sticky":false,"template":"","format":"standard","meta":{"footnotes":""},"categories":[65,47],"tags":[92,96,101,103],"class_list":["post-31","post","type-post","status-publish","format-standard","has-post-thumbnail","hentry","category-na-hiszpanski","category-przeklady","tag-liryka","tag-literatura-polska","tag-pawlikowska-jasnorzewska-maria","tag-poezja"],"_links":{"self":[{"href":"http:\/\/lamalaga.com\/polski\/wp-json\/wp\/v2\/posts\/31","targetHints":{"allow":["GET"]}}],"collection":[{"href":"http:\/\/lamalaga.com\/polski\/wp-json\/wp\/v2\/posts"}],"about":[{"href":"http:\/\/lamalaga.com\/polski\/wp-json\/wp\/v2\/types\/post"}],"author":[{"embeddable":true,"href":"http:\/\/lamalaga.com\/polski\/wp-json\/wp\/v2\/users\/1"}],"replies":[{"embeddable":true,"href":"http:\/\/lamalaga.com\/polski\/wp-json\/wp\/v2\/comments?post=31"}],"version-history":[{"count":2,"href":"http:\/\/lamalaga.com\/polski\/wp-json\/wp\/v2\/posts\/31\/revisions"}],"predecessor-version":[{"id":1075,"href":"http:\/\/lamalaga.com\/polski\/wp-json\/wp\/v2\/posts\/31\/revisions\/1075"}],"wp:featuredmedia":[{"embeddable":true,"href":"http:\/\/lamalaga.com\/polski\/wp-json\/wp\/v2\/media\/1221"}],"wp:attachment":[{"href":"http:\/\/lamalaga.com\/polski\/wp-json\/wp\/v2\/media?parent=31"}],"wp:term":[{"taxonomy":"category","embeddable":true,"href":"http:\/\/lamalaga.com\/polski\/wp-json\/wp\/v2\/categories?post=31"},{"taxonomy":"post_tag","embeddable":true,"href":"http:\/\/lamalaga.com\/polski\/wp-json\/wp\/v2\/tags?post=31"}],"curies":[{"name":"wp","href":"https:\/\/api.w.org\/{rel}","templated":true}]}}