{"id":26,"date":"2015-11-28T14:00:00","date_gmt":"2015-11-28T14:00:00","guid":{"rendered":"http:\/\/lamalaga.com\/polski\/zycie-codzienne-w-peru-subiektywnie-4-szkoly\/"},"modified":"2017-01-30T18:00:08","modified_gmt":"2017-01-30T23:00:08","slug":"zycie-codzienne-w-peru-subiektywnie-4-szkoly","status":"publish","type":"post","link":"http:\/\/lamalaga.com\/polski\/zycie-codzienne-w-peru-subiektywnie-4-szkoly\/","title":{"rendered":"\u017bycie codzienne w Peru (4): Szko\u0142y"},"content":{"rendered":"<p><span style=\"font-size: large;\">Jest wiele r\u00f3\u017cnic mi\u0119dzy polskimi a peruwia\u0144skimi szko\u0142ami.<\/span><br \/>\n<span style=\"font-size: large;\"><br \/>\n<\/span><span style=\"font-size: large;\">1. <i>Mundurki. <\/i>W ogromnej wi\u0119kszo\u015bci szk\u00f3\u0142 mundurki s\u0105 obowi\u0105zkowe. W wielu wi\u0105\u017ce si\u0119 to z odpowiedni\u0105 fryzur\u0105 (w\u0142osy kr\u00f3tkie i przylizane dla ch\u0142opc\u00f3w, kokardy dla dziewczyn). Dla dziewczyn oznacza to te\u017c \u017ce cz\u0119sto nie pozwala si\u0119 na u\u017cywanie makija\u017cu i malowanie paznokci.<\/span><br \/>\n<span style=\"font-size: large;\"><br \/>\n<\/span><span style=\"font-size: large;\">2. <i>Koedukacyjno\u015b\u0107. <\/i>Jest bardzo wiele szk\u00f3\u0142 tylko dla ch\u0142opc\u00f3w lub tylko dla dziewczyn. W starszych klasach koedukacyjne szko\u0142y pa\u0144stwowe cz\u0119sto (je\u015bli nie zawsze)\u00a0 nie udzielaj\u0105 lekcji w tym samym czasie ch\u0142opcom i dziewczynkom. Zwykle w tych sytuacjach\u00a0 dziewczynki przychodz\u0105 do szko\u0142y rano a ch\u0142opcy wieczorem.<\/span><br \/>\n<span style=\"font-size: large;\"><br \/>\n<\/span><span style=\"font-size: large;\">3. <i>Formaci\u00f3n<\/i>. Obowi\u0105zkowa w wielu szko\u0142ach ceremonia w kt\u00f3rej przed pocz\u0105tkiem lekcji stoi si\u0119 na baczno\u015b\u0107 i \u015bpiewa hymn pa\u0144stwowy, czasem szkolny lub miasta. Odbywa si\u0119 codziennie lub raz na tydzie\u0144.<\/span><br \/>\n<span style=\"font-size: large;\"><br \/>\n<\/span><span style=\"font-size: large;\">4.<i> Godziny lekcyjne. <\/i>W Polsce najd\u0142u\u017cej chodzi\u0142am do wzgl\u0119dnie ma\u0142ej szko\u0142y gdzie brakowa\u0142o klas do prowadzenia lekcji, w zwi\u0105zku z czym lekcje nie zaczyna\u0142y i nie ko\u0144czy\u0142y si\u0119 zawsze o tej samej godzinie. W Peru lekcje zaczynaj\u0105 si\u0119 i ko\u0144cz\u0105 zawsze o tej samej godzinie i je\u015bli dojdziesz p\u00f3\u017ano to po prostu nie zostaniesz wpuszczony do budynku, lub b\u0119dziesz musia\u0142 odczeka\u0107 dobr\u0105 chwil\u0119 przed wej\u015bciem. Mo\u017cesz te\u017c zosta\u0107 ukarany za sp\u00f3\u017anienie.<\/span><br \/>\n<span style=\"font-size: large;\"><br \/>\n<\/span><span style=\"font-size: large;\">5.\u00a0 <i>Religia. <\/i>Popularne s\u0105 szko\u0142y religijne, prowadzone przez ksi\u0119\u017cy lub siostry zakonne.<\/span><br \/>\n<span style=\"font-size: large;\"><br \/>\n<\/span><span style=\"font-size: large;\">6.<i> Ma\u0142e wi\u0119zienia. <\/i>Dla osoby nieprzyzwyczajonej do ca\u0142ej tej &#8222;dyscypliny&#8221; szkolnej, nowa szko\u0142a mo\u017ce przypomina\u0107 ma\u0142e wi\u0119zienie (lub wojsko).<\/span><br \/>\n<span style=\"font-size: large;\"><br \/>\n<\/span><span style=\"font-size: large;\">7.<i> Wyj\u0105tki. <\/i>Jest wiele szk\u00f3\u0142 &#8222;alternatywnych&#8221; w kt\u00f3rych nie obowi\u0105zuj\u0105 mundurki czy <i>formaci\u00f3n<\/i>, s\u0105 to zwykle nienajta\u0144sze opcje ale cz\u0119sto oferuj\u0105 dosy\u0107 dobr\u0105 edukacj\u0119.<\/span><br \/>\n<span style=\"font-size: large;\"><span style=\"font-size: medium;\"><br \/>\n<\/span><\/span><span style=\"font-size: large;\">8.<i> Szko\u0142y prywatne.\u00a0<\/i><\/span><span style=\"font-size: large;\">W Peru w 2011 roku <a href=\"http:\/\/www.revistaideele.com\/ideele\/content\/la-agon%C3%AD-de-la-escuela-p%C3%BAblica\">68% dzieci ucz\u0119szcza\u0142o do szk\u00f3\u0142 prywatnych<\/a> (bior\u0105c pod uwag\u0119 szko\u0142y podstawowe i \u015brednie). Ceny s\u0105 bardzo r\u00f3\u017cnorodne, <a href=\"http:\/\/elcomercio.pe\/lima\/ciudad\/conoce-lista-colegios-mas-caros-lima-noticia-1786522\">w Limie w 2014 czesne w 59 najdro\u017cszych szko\u0142ach wynosi\u0142o od 9000 do 23 tysi\u0119cy dolar\u00f3w USD <\/a><a href=\"http:\/\/elcomercio.pe\/lima\/ciudad\/conoce-lista-colegios-mas-caros-lima-noticia-1786522\">rocznie<\/a>. Najdro\u017csze szko\u0142y s\u0105 zwykle bardzo dobre.<\/span><br \/>\n<span style=\"font-size: large;\"><br \/>\n<\/span><span style=\"font-size: large;\">7. <i>JAKO\u015a\u0106<\/i>.\u00a0 Og\u00f3lnie jako\u015b\u0107 nauczania jest bardzo niska (<a href=\"http:\/\/agendasuramerica-en.blogspot.pe\/2012\/02\/challenges-for-comprehensive-education.html\" target=\"_blank\">zobacz interesuj\u0105cy artyku\u0142 o wynikach PISA w Ameryce \u0141aci\u0144skiej<\/a>), cz\u0119\u015bciej jest ni\u017csza w szko\u0142ach pa\u0144stwowych lub tanich szko\u0142ach prywatnych. Oznacza to \u017ce, je\u015bli Ci\u0119 sta\u0107, to masz dost\u0119p do dobrej lub bardzo dobrej edukacji, a je\u015bli Ci\u0119 nie sta\u0107 to niestety nie. <\/span><\/p>\n<blockquote>\n<div><span style=\"font-size: large;\"><b><a href=\"http:\/\/larepublica.pe\/impresa\/sociedad\/699353-pruebas-pisa-hay-mejoras-pero-aumento-desigualdad\" target=\"_blank\">&#8222;Per\u00fa era en el 2009 el pa\u00eds con mayor segregaci\u00f3n social entre escuelas de todos los participantes de ese a\u00f1o en la prueba PISA&#8221;<\/a>. (Peru by\u0142o w 2009 roku pa\u0144stwem z najwi\u0119<\/b><span lang=\"pl\"><b>ksz\u0105 segregacja spo\u0142eczn\u0105 pomi\u0119dzy szko\u0142ami spomi\u0119dzy pa\u0144stw uczestnicz\u0105cych w PISA).<\/b><\/span><\/span><\/div>\n<\/blockquote>\n<p>&nbsp;<\/p>\n<p>Cz\u0119\u015b\u0107 1: <a href=\"http:\/\/lamalaga.com\/polski\/zycie-codzienne-w-peru-subiektywnie-1-pozdrowienie\/\" target=\"_blank\"><b>Pozdrowiene<\/b><\/a><br \/>\nCz\u0119\u015b\u0107 2: <a href=\"http:\/\/lamalaga.com\/polski\/zycie-codzienne-w-peru-subiektywnie-2-smieci\/\" target=\"_blank\"><b>\u015amieci<\/b><\/a><br \/>\nCz\u0119\u015b\u0107 3: <b><a href=\"http:\/\/lamalaga.com\/polski\/zycie-codzienne-w-peru-subiektywnie-3-temperatura\/\" target=\"_blank\">Temperatura<\/a><\/b><br \/>\n<div class=\"rpbt_shortcode\">\n<h3>Powi\u0105zane wpisy<\/h3>\n<ul>\n\t\t\t\t\t\n\t\t\t<li>\n\t\t\t\t<a href=\"http:\/\/lamalaga.com\/polski\/zyc-i-pracowac-w-peru-w-skrocie-2\/\">\u017by\u0107 i pracowa\u0107 w Peru: w skr\u00f3cie (2)<\/a>\n\t\t\t<\/li>\n\t\t\t\t\t\n\t\t\t<li>\n\t\t\t\t<a href=\"http:\/\/lamalaga.com\/polski\/w-peru-przemyt-sie-nie-oplaca-nie-przewoz-narkotykow\/\">W Peru przemyt si\u0119 nie op\u0142aca, nie przewo\u017a narkotyk\u00f3w!<\/a>\n\t\t\t<\/li>\n\t\t\t\t\t\n\t\t\t<li>\n\t\t\t\t<a href=\"http:\/\/lamalaga.com\/polski\/dziesiec-lat-w-limie-czyli-nauki-wielkiego-miasta\/\">Dziesi\u0119\u0107 lat w Limie czyli nauki wielkiego miasta<\/a>\n\t\t\t<\/li>\n\t\t\t\t\t\n\t\t\t<li>\n\t\t\t\t<a href=\"http:\/\/lamalaga.com\/polski\/zyc-i-pracowac-w-peru-w-skrocie-1\/\">\u017by\u0107 i pracowa\u0107 w Peru: w skr\u00f3cie (1)<\/a>\n\t\t\t<\/li>\n\t\t\t\t\t\n\t\t\t<li>\n\t\t\t\t<a href=\"http:\/\/lamalaga.com\/polski\/zycie-codzienne-w-peru-subiektywnie-3-temperatura\/\">\u017bycie codzienne w Peru (3): Temperatura<\/a>\n\t\t\t<\/li>\n\t\t\t<\/ul>\n<\/div><\/p>\n","protected":false},"excerpt":{"rendered":"<p>Jest wiele r\u00f3\u017cnic mi\u0119dzy polskimi a peruwia\u0144skimi szko\u0142ami. 1. Mundurki. W ogromnej wi\u0119kszo\u015bci szk\u00f3\u0142 mundurki s\u0105 obowi\u0105zkowe. W wielu wi\u0105\u017ce si\u0119 to z odpowiedni\u0105 fryzur\u0105<\/p>\n","protected":false},"author":1,"featured_media":1225,"comment_status":"open","ping_status":"open","sticky":false,"template":"","format":"standard","meta":{"footnotes":""},"categories":[38,63],"tags":[77,102],"class_list":["post-26","post","type-post","status-publish","format-standard","has-post-thumbnail","hentry","category-o-peru","category-zycie-codzienne","tag-edukacja","tag-peru"],"_links":{"self":[{"href":"http:\/\/lamalaga.com\/polski\/wp-json\/wp\/v2\/posts\/26","targetHints":{"allow":["GET"]}}],"collection":[{"href":"http:\/\/lamalaga.com\/polski\/wp-json\/wp\/v2\/posts"}],"about":[{"href":"http:\/\/lamalaga.com\/polski\/wp-json\/wp\/v2\/types\/post"}],"author":[{"embeddable":true,"href":"http:\/\/lamalaga.com\/polski\/wp-json\/wp\/v2\/users\/1"}],"replies":[{"embeddable":true,"href":"http:\/\/lamalaga.com\/polski\/wp-json\/wp\/v2\/comments?post=26"}],"version-history":[{"count":3,"href":"http:\/\/lamalaga.com\/polski\/wp-json\/wp\/v2\/posts\/26\/revisions"}],"predecessor-version":[{"id":1295,"href":"http:\/\/lamalaga.com\/polski\/wp-json\/wp\/v2\/posts\/26\/revisions\/1295"}],"wp:featuredmedia":[{"embeddable":true,"href":"http:\/\/lamalaga.com\/polski\/wp-json\/wp\/v2\/media\/1225"}],"wp:attachment":[{"href":"http:\/\/lamalaga.com\/polski\/wp-json\/wp\/v2\/media?parent=26"}],"wp:term":[{"taxonomy":"category","embeddable":true,"href":"http:\/\/lamalaga.com\/polski\/wp-json\/wp\/v2\/categories?post=26"},{"taxonomy":"post_tag","embeddable":true,"href":"http:\/\/lamalaga.com\/polski\/wp-json\/wp\/v2\/tags?post=26"}],"curies":[{"name":"wp","href":"https:\/\/api.w.org\/{rel}","templated":true}]}}