{"id":54,"date":"2014-12-05T09:20:00","date_gmt":"2014-12-05T09:20:00","guid":{"rendered":"http:\/\/lamalaga.com\/espa\/edward-stachura-con-el-seras-mas-feliz-z-nim-bedziesz-szczesliwsza\/"},"modified":"2017-01-19T23:44:29","modified_gmt":"2017-01-19T23:44:29","slug":"edward-stachura-con-el-seras-mas-feliz-z-nim-bedziesz-szczesliwsza","status":"publish","type":"post","link":"http:\/\/lamalaga.com\/esp\/edward-stachura-con-el-seras-mas-feliz-z-nim-bedziesz-szczesliwsza\/","title":{"rendered":"Stachura, Edward \u00abCon \u00e9l ser\u00e1s m\u00e1s feliz\u00bb"},"content":{"rendered":"<p>A mi traducci\u00f3n le falta todav\u00eda bastante. No la he pulido y con lo desordenada que soy no s\u00e9 si lo har\u00e9 en alg\u00fan momento pero ya que carezco en este momento de otra interpretaci\u00f3n \u00e9sta es la que dejo a su disposici\u00f3n.<\/p>\n<p><span style=\"font-size: 100%\"><b>Con \u00e9l <\/b><\/span><span style=\"font-size: 100%\"><b>ser\u00e1s m\u00e1s feliz<\/b><\/span><span style=\"font-size: 100%\"><br \/>\n<\/span><span style=\"font-size: 100%\">Stachura Edward<\/span><\/p>\n<p><span style=\"font-size: 100%\">Comprende lo que te dir\u00e9<br \/>\n<\/span><span style=\"font-size: 100%\">Intenta comprenderlo bien<br \/>\nComo si fuese uno de los mejores deseos de cumplea\u00f1os<br \/>\n<\/span><span style=\"font-size: 100%\">O tal vez de a\u00f1o nuevo, a\u00fan<\/span><span style=\"font-size: 100%\"> mejores<\/span><span style=\"font-size: 100%\"><br \/>\n<\/span><span style=\"font-size: 100%\">Esos a medianoche<\/span><span style=\"font-size: 100%\"> dichos<\/span><span style=\"font-size: 100%\"><br \/>\n<\/span><span style=\"font-size: 100%\">Con voz tr\u00e9mula, sinceros<\/span><\/p>\n<p>Con \u00e9l ser\u00e1s m\u00e1s feliz<br \/>\n<span style=\"font-size: 100%\">Mucho m\u00e1s feliz ser\u00e1s con \u00e9l<\/span><\/p>\n<p><span style=\"font-size: 100%\">Yo soy s\u00f3lo<br \/>\n<\/span><span style=\"font-size: 100%\">Un trotamundos, alma inquieta<br \/>\nConmigo s\u00f3lo se puede<br \/>\nal brezal andar<br \/>\n<\/span><span style=\"font-size: 100%\">y olvidarlo todo<\/span><\/p>\n<p>La \u00e9poca, el siglo,<br \/>\nel a\u00f1o, el mes, el d\u00eda<br \/>\nY la hora<br \/>\nque comienza<br \/>\ny la que termina<br \/>\n<span style=\"font-size: 100%\"><br \/>\nNo creas que no te amo<br \/>\no que solo te quiero un poquito<br \/>\nCu\u00e1nto te quiero no te lo dir\u00e9, porque es indecible,<br \/>\ntan enormemente mucho, o tal vez m\u00e1s aun<br \/>\n<\/span><span style=\"font-size: 100%\">Y justamente por eso: Adi\u00f3s,<br \/>\nenti\u00e9ndelo bien: adi\u00f3s, adi\u00f3s<\/span><\/p>\n<p><span style=\"font-size: 100%\">Con \u00e9l ser\u00e1s m\u00e1s feliz<br \/>\n<\/span><span style=\"font-size: 100%\">Mucho m\u00e1s feliz ser\u00e1s con \u00e9l<\/span><\/p>\n<p><span style=\"font-size: 100%\">Yo soy s\u00f3lo<br \/>\n<\/span><span style=\"font-size: 100%\">Un trotamundos, alma inquieta<br \/>\nConmigo s\u00f3lo se puede<br \/>\nal brezal andar<br \/>\n<\/span><span style=\"font-size: 100%\">y olvidarlo todo<\/span><\/p>\n<p>La \u00e9poca, el siglo,<br \/>\nel a\u00f1o, el mes, el d\u00eda<br \/>\nY la hora<br \/>\nque comienza<br \/>\ny la que termina<br \/>\n<span style=\"font-size: 100%\"><br \/>\n<\/span><span style=\"font-size: 100%\"><span style=\"color: #993399;font-style: italic\">Conmigo solo se puede <\/span><br \/>\n<span style=\"color: #993399;font-style: italic\">desaparecer silenciosamente en la lejan\u00eda<\/span><br \/>\n<\/span><\/p>\n<p>[Trad. Luc\u00eda M\u00e1laga Sabogal]<\/p>\n<hr \/>\n<p>&nbsp;<\/p>\n<p><span style=\"color: black;font-size: 100%\"><b>Z nim b\u0119dziesz szcz\u0119\u015bliwsza<\/b><\/span><span style=\"color: black;font-size: 100%\"><br \/>\n<\/span><span style=\"color: black;font-size: 100%\">Stachura Edward<\/span><\/p>\n<pre><a style=\"clear: right;float: right;margin-bottom: 1em;margin-left: 1em\" href=\"http:\/\/2.bp.blogspot.com\/_EIV1grvXzzc\/RuuklBMUARI\/AAAAAAAAAA0\/dW4nUM6Y1rU\/s1600-h\/wrzosowisko.jpg\"><img loading=\"lazy\" decoding=\"async\" id=\"BLOGGER_PHOTO_ID_5110359158064152850\" style=\"float: right;margin: 0pt 0pt 10px 10px\" src=\"https:\/\/2.bp.blogspot.com\/_EIV1grvXzzc\/RuuklBMUARI\/AAAAAAAAAA0\/dW4nUM6Y1rU\/s320\/wrzosowisko.jpg\" alt=\"\" width=\"320\" height=\"206\" border=\"0\" \/><\/a>Zrozum to, co powiem\r\nSpr\u00f3buj to zrozumie\u0107 dobrze\r\nJak \u017cyczenia najlepsze, te urodzinowe\r\nAlbo noworoczne, jeszcze lepsze mo\u017ce\r\nO p\u00f3\u0142nocy gdy sk\u0142adane\r\nDr\u017c\u0105cym g\u0142osem, niek\u0142amane\r\n\r\nZ nim b\u0119dziesz szcz\u0119\u015bliwsza\r\nDu\u017co szcz\u0119\u015bliwsza b\u0119dziesz z nim.\r\nJa, c\u00f3\u017c -\r\nW\u0142\u00f3cz\u0119ga, niespokojny duch,\r\nZe mn\u0105 mo\u017cna tylko\r\nP\u00f3j\u015b\u0107 na wrzosowisko\r\nI zapomnie\u0107 wszystko\r\n\r\nJaka epoka, jaki wiek,\r\nJaki rok, jaki miesi\u0105c, jaki dzie\u0144\r\nI jaka godzina\r\n<span style=\"color: black;font-size: 100%\">Ko\u0144czy si\u0119,\r\nA jaka zaczyna.\r\n\r\nNie my\u015bl, \u017ce nie kocham,\r\nLub \u017ce tylko troch\u0119 kocham\r\nJak ci\u0119 kocham, nie powiem, no bo nie wypowiem -\r\nTak ogromnie bardzo, jeszcze wi\u0119cej mo\u017ce\r\nI dlatego w\u0142a\u015bnie \u017cegnaj,\r\nZrozum dobrze, \u017cegnaj, \u017cegnaj\r\n\r\nZ nim b\u0119dziesz szcz\u0119\u015bliwsza\r\nDu\u017co szcz\u0119\u015bliwsza b\u0119dziesz z nim.\r\nJa, c\u00f3\u017c -\r\nW\u0142\u00f3cz\u0119ga, niespokojny duch,\r\nZe mn\u0105 mo\u017cna tylko\r\nP\u00f3j\u015b\u0107 na wrzosowisko\r\nI zapomnie\u0107 wszystko\r\n\r\nJaka epoka, jaki wiek,\r\nJaki rok, jaki miesi\u0105c, jaki dzie\u0144\r\nI jaka godzina\r\nKo\u0144czy si\u0119,\r\nA jaka zaczyna.\r\n\r\n<\/span><span style=\"color: black;font-size: 100%\">Ze mn\u0105 mo\u017cna tylko<\/span>\r\n<span style=\"color: #993399\"><span style=\"color: black;font-size: 100%\">W dali znika\u0107 cicho<\/span>\r\n\r\n<\/span><\/pre>\n<p><b>Interpretaciones<\/b><br \/>\n<iframe loading=\"lazy\" width=\"420\" height=\"315\" src=\"https:\/\/www.youtube.com\/embed\/vPl9yLLfNFw\" frameborder=\"0\" allowfullscreen><\/iframe><\/p>\n<p>Foto de\u00a0<a class=\"_ZR irc_hol i3724\" href=\"https:\/\/www.google.com.pe\/url?sa=i&amp;rct=j&amp;q=&amp;esrc=s&amp;source=images&amp;cd=&amp;ved=0ahUKEwiY-9vi4KnLAhXF5yYKHQJ6BJwQjB0IBg&amp;url=http%3A%2F%2Ffotograf-poznan.flog.pl%2Fwpis%2F5500137%2Fwrzosowisko&amp;psig=AFQjCNGPBCmYlfjhXlPra2rF09ZDtroj4Q&amp;ust=1457274392620166\" target=\"_blank\"><span class=\"irc_ho\" dir=\"ltr\">fotograf-poznan.flog.pl<\/span><\/a><\/p>\n<div class=\"rpbt_shortcode\">\n<h3>Art\u00edculos Relacionados<\/h3>\n<ul>\n\t\t\t\t\t\n\t\t\t<li>\n\t\t\t\t<a href=\"http:\/\/lamalaga.com\/esp\/stachura-edward-jest-juz-za-pozno-nie-jest-za-pozno-es-demasiado-tarde-no-es-demasiado-tarde\/\">Stachura, Edward \u00abEs demasiado tarde, no es demasiado tarde\u00bb<\/a>\n\t\t\t<\/li>\n\t\t\t\t\t\n\t\t\t<li>\n\t\t\t\t<a href=\"http:\/\/lamalaga.com\/esp\/edward-stachura-tango-triste-traduccion\/\">Stachura, Edward \u00abTango Triste\u00bb &#8211; traducci\u00f3n<\/a>\n\t\t\t<\/li>\n\t\t\t\t\t\n\t\t\t<li>\n\t\t\t\t<a href=\"http:\/\/lamalaga.com\/esp\/pawlikowska-jasnorzewska-maria-puesta-del-sol-zachod-slonca\/\">Pawlikowska &#8211; Jasnorzewska, Maria \u00abPuesta del sol\u00bb<\/a>\n\t\t\t<\/li>\n\t\t\t\t\t\n\t\t\t<li>\n\t\t\t\t<a href=\"http:\/\/lamalaga.com\/esp\/edward-stachura-sanctus\/\">Stachura, Edward \u00abSanctus\u00bb<\/a>\n\t\t\t<\/li>\n\t\t\t\t\t\n\t\t\t<li>\n\t\t\t\t<a href=\"http:\/\/lamalaga.com\/esp\/tuwim-julian-noche-noc\/\">Tuwim, Julian \u00abNoche\u00bb<\/a>\n\t\t\t<\/li>\n\t\t\t<\/ul>\n<\/div>\n","protected":false},"excerpt":{"rendered":"","protected":false},"author":1,"featured_media":707,"comment_status":"open","ping_status":"open","sticky":false,"template":"","format":"standard","meta":{"footnotes":""},"categories":[63,55],"tags":[68,96,101,111,112,123],"class_list":["post-54","post","type-post","status-publish","format-standard","has-post-thumbnail","hentry","category-al-castellano","category-traducciones","tag-amor","tag-lirica","tag-literatura-polaca","tag-poesia","tag-poesia-cantada","tag-stachura-edward"],"_links":{"self":[{"href":"http:\/\/lamalaga.com\/esp\/wp-json\/wp\/v2\/posts\/54","targetHints":{"allow":["GET"]}}],"collection":[{"href":"http:\/\/lamalaga.com\/esp\/wp-json\/wp\/v2\/posts"}],"about":[{"href":"http:\/\/lamalaga.com\/esp\/wp-json\/wp\/v2\/types\/post"}],"author":[{"embeddable":true,"href":"http:\/\/lamalaga.com\/esp\/wp-json\/wp\/v2\/users\/1"}],"replies":[{"embeddable":true,"href":"http:\/\/lamalaga.com\/esp\/wp-json\/wp\/v2\/comments?post=54"}],"version-history":[{"count":2,"href":"http:\/\/lamalaga.com\/esp\/wp-json\/wp\/v2\/posts\/54\/revisions"}],"predecessor-version":[{"id":1278,"href":"http:\/\/lamalaga.com\/esp\/wp-json\/wp\/v2\/posts\/54\/revisions\/1278"}],"wp:featuredmedia":[{"embeddable":true,"href":"http:\/\/lamalaga.com\/esp\/wp-json\/wp\/v2\/media\/707"}],"wp:attachment":[{"href":"http:\/\/lamalaga.com\/esp\/wp-json\/wp\/v2\/media?parent=54"}],"wp:term":[{"taxonomy":"category","embeddable":true,"href":"http:\/\/lamalaga.com\/esp\/wp-json\/wp\/v2\/categories?post=54"},{"taxonomy":"post_tag","embeddable":true,"href":"http:\/\/lamalaga.com\/esp\/wp-json\/wp\/v2\/tags?post=54"}],"curies":[{"name":"wp","href":"https:\/\/api.w.org\/{rel}","templated":true}]}}