{"id":22,"date":"2016-03-24T07:00:24","date_gmt":"2016-03-24T07:00:24","guid":{"rendered":"http:\/\/lamalaga.com\/espa\/?p=22"},"modified":"2016-06-10T23:17:04","modified_gmt":"2016-06-10T23:17:04","slug":"baczynski-krzysztof-kamil-otono-del-41-jesien-41r","status":"publish","type":"post","link":"http:\/\/lamalaga.com\/esp\/baczynski-krzysztof-kamil-otono-del-41-jesien-41r\/","title":{"rendered":"Baczy\u0144ski, Krzysztof Kamil \u00abOto\u00f1o del 41\u00bb"},"content":{"rendered":"<div>\n<div style=\"text-align: justify\">\n<div style=\"text-align: right\"><span style=\"font-family: courier new;font-size: 85%\">Escrito a dos a\u00f1os de iniciada la segunda guerra, expresa una tristeza del joven poeta que me conmueve por la intensidad del conflicto. Espero puedan perdonarme alg\u00fan error, es un texto algo dif\u00edcil de traducir. Edit: La versi\u00f3n original del poema que ten\u00eda no era la correcta por lo que tuve que hacer unas modificaciones<\/span><br \/>\n<span style=\"font-size: 85%\">Luc\u00eda<\/span><\/div>\n<\/div>\n<p><b><br \/>\n<\/b><em>Krysztof Kamil Baczy\u0144ski<\/em><\/p>\n<p><strong>OTO\u00d1O DEL 41<\/strong><br \/>\ntrad. Luc\u00eda M\u00e1laga Sabogal<\/p>\n<p><i>\u00abMientras el buque luchaba &#8211; me mantuve en el\u00a0m\u00e1stil<\/i><br \/>\n<i>Cuando se hund\u00eda &#8211; lo acompa\u00f1\u00e9 bajo el agua\u00bb<\/i><br \/>\n<b>S\u0142owacki <\/b>\u00abMi testamento\u00bb<\/p>\n<p>Cuando el cuerpo termine de arder, quedar\u00e1n los ojos<br \/>\n&#8211; clavos en una cubierta de nubes de \u00e9bano.<br \/>\nSaldr\u00e1 el campanero &#8211; rugoso cual la tierra oto\u00f1al,<br \/>\nhalar\u00e1 las piernas de los ahorcados &#8211; largas sogas.<\/p>\n<p>Y el trueno rodar\u00e1 del cielo cual una manzana, y la lluvia<br \/>\ndespedazar\u00e1 el r\u00edo como\u00a0una bandada de cuervos<br \/>\nestallar\u00e1 el \u00e1rbol verde &#8211; mi lira triste.<br \/>\nMe seguir\u00e1 la tonada fiel como\u00a0un aullido canino.<\/p>\n<p>Entonces tomen los monumentos y arr\u00f3jenlos cual f\u00f3siles<br \/>\nde tiempos muertos al fondo del cielo, al m\u00e1rmol negro de los r\u00edos<br \/>\ny corten\u00a0mi\u00a0brazo\u00a0g\u00e9lido de labrar<br \/>\ncomo si fuera una rama, hasta que mane\u00a0verdor y sangre.<\/p>\n<p>Que hemos dormido abrazados por\u00a0cad\u00e1veres, eso ya lo saben<br \/>\nya conocen el perfil de la muerte &#8211; quieta y afilada navaja.<br \/>\nHemos caminado sobre escalones negros de\u00a0cuerpos fraternos<br \/>\nahora\u00a0tomen\u00a0el harapo del cuerpo y arr\u00f3jenlo junto al desmonte.<\/p>\n<p>Y arr\u00e1nquenme\u00a0los ojos,\u00a0que rueden lejos<br \/>\ncual balas de plomo &#8211; balas que abrasaran\u00a0el viento,<br \/>\npara que silbe a trav\u00e9s de calaveras blancas &#8211; con una llama intensa,<br \/>\nhasta que haga ceniza vuestros\u00a0corazones &#8211; y extraiga de ellos el mundo.<\/p>\n<p><i>octubre 1941r<\/i><\/p>\n<\/div>\n<p>[trad. Luc\u00eda M\u00e1laga-Sabogal]<\/p>\n<div>\n<hr \/>\n<p><b><br \/>\nJESIE\u0143 41r<\/b><\/p>\n<p><span style=\"color: darkblue;font-family: 'courier new', courier;text-indent: 66.6667px\">\u00abA kiedy okr\u0119t walczy\u0142 &#8211; siedzia\u0142em na maszcie,<br \/>\nkiedy ton\u0105\u0142 &#8211; z okr\u0119tem poszed\u0142em pod wod\u0119.\u00bb<\/span><br \/>\n<b style=\"font-family: 'courier new', courier;text-indent: 66.6667px\">S\u0142owacki:<\/b><span style=\"font-family: 'courier new', courier;text-indent: 66.6667px\">\u00a0\u00abTestament m\u00f3j\u00bb<\/span><br \/>\n<br style=\"font-family: 'courier new', courier;text-indent: 66.6667px\" \/><span style=\"font-family: 'courier new', courier;text-indent: 66.6667px\">Gdy cia\u0142o si\u0119 dopali, pozostan\u0105 oczy &#8211;<\/span><br \/>\n<span style=\"font-family: 'courier new', courier;text-indent: 66.6667px\">gwo\u017adzie na wieku z hebanowych chmur.<\/span><br \/>\n<span style=\"font-family: 'courier new', courier;text-indent: 66.6667px\">Wyjdzie dzwonnik &#8211; zmarszczony jak jesienna ziemia,<\/span><br \/>\n<span style=\"font-family: 'courier new', courier;text-indent: 66.6667px\">d\u0142ugie nogi wisielc\u00f3w poci\u0105gnie jak sznur.<\/span><br \/>\n<br style=\"font-family: 'courier new', courier;text-indent: 66.6667px\" \/><span style=\"font-family: 'courier new', courier;text-indent: 66.6667px\">I grom si\u0119 stoczy z nieba jak jab\u0142ko, a deszcz<\/span><br \/>\n<span style=\"font-family: 'courier new', courier;text-indent: 66.6667px\">jak stado kruk\u00f3w b\u0119dzie rzek\u0119 szarpa\u0142,<\/span><br \/>\n<span style=\"font-family: 'courier new', courier;text-indent: 66.6667px\">p\u0119knie drzewo zielone &#8211; moja smutna harfa.<\/span><br \/>\n<span style=\"font-family: 'courier new', courier;text-indent: 66.6667px\">Jak pies zawyje za mn\u0105 wierna pie\u015b\u0144.<\/span><br \/>\n<br style=\"font-family: 'courier new', courier;text-indent: 66.6667px\" \/><span style=\"font-family: 'courier new', courier;text-indent: 66.6667px\">Wtedy we\u017acie pomniki i rzu\u0107cie jak kamie\u0144<\/span><br \/>\n<span style=\"font-family: 'courier new', courier;text-indent: 66.6667px\">czas\u00f3w martwych w dno nieba, w czarny marmur rzek<\/span><br \/>\n<span style=\"font-family: 'courier new', courier;text-indent: 66.6667px\">i przymarz\u0142e do pracy utnijcie mi rami\u0119<\/span><br \/>\n<span style=\"font-family: 'courier new', courier;text-indent: 66.6667px\">jak ga\u0142\u0105\u017a, a\u017c wytry\u015bnie z niej ziele\u0144 i krew.<\/span><br \/>\n<br style=\"font-family: 'courier new', courier;text-indent: 66.6667px\" \/><span style=\"font-family: 'courier new', courier;text-indent: 66.6667px\">\u017ce\u015bmy w obj\u0119ciach trup\u00f3w spali, to ju\u017c znacie<\/span><br \/>\n<span style=\"font-family: 'courier new', courier;text-indent: 66.6667px\">\u015bmierci profil zastyg\u0142y i ostry jak n\u00f3\u017c.<\/span><br \/>\n<span style=\"font-family: 'courier new', courier;text-indent: 66.6667px\">\u017ce\u015bmy po schodach szli z czarnych cia\u0142 braci,<\/span><br \/>\n<span style=\"font-family: 'courier new', courier;text-indent: 66.6667px\">to we\u017acie szmat\u0119 cia\u0142a i rzu\u0107cie razem &#8211; w gruz.<\/span><br \/>\n<br style=\"font-family: 'courier new', courier;text-indent: 66.6667px\" \/><span style=\"font-family: 'courier new', courier;text-indent: 66.6667px\">A oczy mi wydrzyjcie i potoczcie dalej<\/span><br \/>\n<span style=\"font-family: 'courier new', courier;text-indent: 66.6667px\">jak o\u0142owiane kule &#8211; podpalcie nimi wiatr,<\/span><br \/>\n<span style=\"font-family: 'courier new', courier;text-indent: 66.6667px\">by w czaszki nagie gwizda\u0142 &#8211; i niech tak si\u0119 pali,<\/span><br \/>\n<span style=\"font-family: 'courier new', courier;text-indent: 66.6667px\">a\u017c serca wam spopieli &#8211; i wyjmie z nich \u015bwiat.<\/span><br \/>\n<br style=\"font-family: 'courier new', courier;text-indent: 66.6667px\" \/><span style=\"font-family: 'courier new', courier;text-indent: 66.6667px\">pa\u017adziernik 41 r.<\/span><\/p>\n<p><i>(orygina\u0142 w\u00a0http:\/\/www.rawelin.foxnet.pl\/zopa\/ba01.htm#s42)<\/i><\/p>\n<\/div>\n<div class=\"rpbt_shortcode\">\n<h3>Art\u00edculos Relacionados<\/h3>\n<ul>\n\t\t\t\t\t\n\t\t\t<li>\n\t\t\t\t<a href=\"http:\/\/lamalaga.com\/esp\/baczynski-krzysztof-kamil-lluvias-deszcze\/\">Baczy\u0144ski, Krzysztof Kamil \u00abLluvias\u00bb<\/a>\n\t\t\t<\/li>\n\t\t\t\t\t\n\t\t\t<li>\n\t\t\t\t<a href=\"http:\/\/lamalaga.com\/esp\/baczynski-krzysztof-kamil-erotikos-erotyk\/\">Baczy\u0144ski, Krzysztof Kamil \u00aberotik\u00f3s\u00bb<\/a>\n\t\t\t<\/li>\n\t\t\t\t\t\n\t\t\t<li>\n\t\t\t\t<a href=\"http:\/\/lamalaga.com\/esp\/baczynski-krzysztof-kamil-la-culpa-wina\/\">Baczy\u0144ski, Krzysztof Kamil \u00abLa culpa\u00bb<\/a>\n\t\t\t<\/li>\n\t\t\t\t\t\n\t\t\t<li>\n\t\t\t\t<a href=\"http:\/\/lamalaga.com\/esp\/baczynski-krzysztof-kamil-magia-blanca-biala-magia\/\">Baczy\u0144ski, Krzysztof Kamil \u00abMagia Blanca\u00bb<\/a>\n\t\t\t<\/li>\n\t\t\t\t\t\n\t\t\t<li>\n\t\t\t\t<a href=\"http:\/\/lamalaga.com\/esp\/baczynski-krzysztof-kamil-vivimos-en-lo-profundo-zyjemy-na-dnie\/\">Baczy\u0144ski Krzysztof Kamil *** [Vivimos en lo profundo&#8230;]<\/a>\n\t\t\t<\/li>\n\t\t\t<\/ul>\n<\/div>\n","protected":false},"excerpt":{"rendered":"","protected":false},"author":1,"featured_media":579,"comment_status":"open","ping_status":"open","sticky":false,"template":"","format":"standard","meta":{"footnotes":""},"categories":[63,55],"tags":[69,96,101,111],"class_list":["post-22","post","type-post","status-publish","format-standard","has-post-thumbnail","hentry","category-al-castellano","category-traducciones","tag-baczynski-krzysztof-kamil","tag-lirica","tag-literatura-polaca","tag-poesia"],"_links":{"self":[{"href":"http:\/\/lamalaga.com\/esp\/wp-json\/wp\/v2\/posts\/22","targetHints":{"allow":["GET"]}}],"collection":[{"href":"http:\/\/lamalaga.com\/esp\/wp-json\/wp\/v2\/posts"}],"about":[{"href":"http:\/\/lamalaga.com\/esp\/wp-json\/wp\/v2\/types\/post"}],"author":[{"embeddable":true,"href":"http:\/\/lamalaga.com\/esp\/wp-json\/wp\/v2\/users\/1"}],"replies":[{"embeddable":true,"href":"http:\/\/lamalaga.com\/esp\/wp-json\/wp\/v2\/comments?post=22"}],"version-history":[{"count":3,"href":"http:\/\/lamalaga.com\/esp\/wp-json\/wp\/v2\/posts\/22\/revisions"}],"predecessor-version":[{"id":1219,"href":"http:\/\/lamalaga.com\/esp\/wp-json\/wp\/v2\/posts\/22\/revisions\/1219"}],"wp:featuredmedia":[{"embeddable":true,"href":"http:\/\/lamalaga.com\/esp\/wp-json\/wp\/v2\/media\/579"}],"wp:attachment":[{"href":"http:\/\/lamalaga.com\/esp\/wp-json\/wp\/v2\/media?parent=22"}],"wp:term":[{"taxonomy":"category","embeddable":true,"href":"http:\/\/lamalaga.com\/esp\/wp-json\/wp\/v2\/categories?post=22"},{"taxonomy":"post_tag","embeddable":true,"href":"http:\/\/lamalaga.com\/esp\/wp-json\/wp\/v2\/tags?post=22"}],"curies":[{"name":"wp","href":"https:\/\/api.w.org\/{rel}","templated":true}]}}