{"id":100,"date":"2007-09-30T02:36:00","date_gmt":"2007-09-30T02:36:00","guid":{"rendered":"http:\/\/lamalaga.com\/espa\/illakowiczowna-kazimiera-el-rio-rzeka\/"},"modified":"2017-01-19T18:08:16","modified_gmt":"2017-01-19T18:08:16","slug":"illakowiczowna-kazimiera-el-rio-rzeka","status":"publish","type":"post","link":"http:\/\/lamalaga.com\/esp\/illakowiczowna-kazimiera-el-rio-rzeka\/","title":{"rendered":"I\u0142\u0142akowicz\u00f3wna Kazimiera \u00abEl r\u00edo\u00bb"},"content":{"rendered":"<p>Debo admitir que para elaborar esta traducci\u00f3n de vez en cuando me he apoyado en el trabajo hecho ya anteriormente por mi hermana Alhel\u00ed.<\/p>\n<p><strong>El r\u00edo<\/strong><br \/>\nMe quiebra contra las piedras<br \/>\ncada suspiro tuyo.<br \/>\nYo soy el elemento fluido, l\u00edquido, y t\u00fa- la orilla,<br \/>\npuesta para guardar de m\u00ed.<br \/>\nCazas en los prados, tus flechas m\u00faltiples y exactas<br \/>\nasesinan en mi pecho aves silvestres y patitos blancos;<br \/>\ncortas alisas y robles, \u00e1rboles conscientes de siglos,<br \/>\ny los echas sobre mis aguas, para que arrastre lejos sus troncos<br \/>\nY vienes y te arrodillas -transpirando, cansado y sediento-<br \/>\nsobre m\u00ed, y yo reflejo en m\u00ed tu imagen perturbada<br \/>\ny -cuando me bebes- me vuelvo fr\u00eda y l\u00edmpida, y ligera,<br \/>\ny mi alma, a trav\u00e9s de tus manos ensangrentadas, se filtra, se filtra.<br \/>\n[trad. Luc\u00eda M\u00e1laga-Sabogal]<\/p>\n<hr \/>\n<p><strong style=\"font-size: 0.95em;line-height: 1.6em\">Rzeka<\/strong><\/p>\n<p>Rozbija mnie o kamienie<br \/>\nka\u017cde twe westchnienie.<br \/>\nJam jest \u017cywio\u0142 bie\u017c\u0105cy, p\u0142ynny,a ty\u015b &#8211; brzeg,<br \/>\npostawiony na to, by\u015b mnie strzeg\u0142.<br \/>\nPolujesz na \u0142\u0105kach, liczne i celne twe strza\u0142y<br \/>\nmorduj\u0105 na mej piersi ptactwo dzikie i kaczuszki bia\u0142e:<br \/>\n\u015bcinasz olchy i d\u0119by, drzewa pomne wiek\u00f3w,<br \/>\ni puszczasz je na wody me, aby k\u0142ody unios\u0142y daleko.<br \/>\nI przychodzisz i kl\u0119kasz &#8211; zziajany, brudny i spragniony-<br \/>\nnade mn\u0105, a ja odbijam w sobie obraz tw\u00f3j zm\u0105cony<br \/>\ni &#8211; gdy mnie pijesz &#8211; staj\u0119 si\u0119 ch\u0142odna i czysta, i lekka,<br \/>\na dusza ma przez skrwawione r\u0119ce twe przecieka, przecieka.<\/p>\n<p>&nbsp;<br \/>\n<div class=\"rpbt_shortcode\">\n<h3>Art\u00edculos Relacionados<\/h3>\n<ul>\n\t\t\t\t\t\n\t\t\t<li>\n\t\t\t\t<a href=\"http:\/\/lamalaga.com\/esp\/illakowiczowna-kazimiera-a-solas-sam-na-sam\/\">I\u0142\u0142akowicz\u00f3wna, Kazimiera \u00abA solas\u00bb<\/a>\n\t\t\t<\/li>\n\t\t\t\t\t\n\t\t\t<li>\n\t\t\t\t<a href=\"http:\/\/lamalaga.com\/esp\/pawlikowska-jasnorzewska-maria-puesta-del-sol-zachod-slonca\/\">Pawlikowska &#8211; Jasnorzewska, Maria \u00abPuesta del sol\u00bb<\/a>\n\t\t\t<\/li>\n\t\t\t\t\t\n\t\t\t<li>\n\t\t\t\t<a href=\"http:\/\/lamalaga.com\/esp\/pawlikowska-jasnorzewska-maria-ofelia\/\">Pawlikowska-Jasnorzewska Maria \u00abOfelia\u00bb<\/a>\n\t\t\t<\/li>\n\t\t\t\t\t\n\t\t\t<li>\n\t\t\t\t<a href=\"http:\/\/lamalaga.com\/esp\/pawlikowska-jasnorzewska-maria-el-suicida-samobojca\/\">Pawlikowska-Jasnorzewska, Maria \u00abEl suicida\u00bb<\/a>\n\t\t\t<\/li>\n\t\t\t\t\t\n\t\t\t<li>\n\t\t\t\t<a href=\"http:\/\/lamalaga.com\/esp\/tuwim-julian-noche-noc\/\">Tuwim, Julian \u00abNoche\u00bb<\/a>\n\t\t\t<\/li>\n\t\t\t<\/ul>\n<\/div><\/p>\n","protected":false},"excerpt":{"rendered":"","protected":false},"author":1,"featured_media":783,"comment_status":"open","ping_status":"open","sticky":false,"template":"","format":"standard","meta":{"footnotes":""},"categories":[63,55],"tags":[68,88,96,101,111],"class_list":["post-100","post","type-post","status-publish","format-standard","has-post-thumbnail","hentry","category-al-castellano","category-traducciones","tag-amor","tag-illakowiczowna-kazimiera","tag-lirica","tag-literatura-polaca","tag-poesia"],"_links":{"self":[{"href":"http:\/\/lamalaga.com\/esp\/wp-json\/wp\/v2\/posts\/100","targetHints":{"allow":["GET"]}}],"collection":[{"href":"http:\/\/lamalaga.com\/esp\/wp-json\/wp\/v2\/posts"}],"about":[{"href":"http:\/\/lamalaga.com\/esp\/wp-json\/wp\/v2\/types\/post"}],"author":[{"embeddable":true,"href":"http:\/\/lamalaga.com\/esp\/wp-json\/wp\/v2\/users\/1"}],"replies":[{"embeddable":true,"href":"http:\/\/lamalaga.com\/esp\/wp-json\/wp\/v2\/comments?post=100"}],"version-history":[{"count":2,"href":"http:\/\/lamalaga.com\/esp\/wp-json\/wp\/v2\/posts\/100\/revisions"}],"predecessor-version":[{"id":1252,"href":"http:\/\/lamalaga.com\/esp\/wp-json\/wp\/v2\/posts\/100\/revisions\/1252"}],"wp:featuredmedia":[{"embeddable":true,"href":"http:\/\/lamalaga.com\/esp\/wp-json\/wp\/v2\/media\/783"}],"wp:attachment":[{"href":"http:\/\/lamalaga.com\/esp\/wp-json\/wp\/v2\/media?parent=100"}],"wp:term":[{"taxonomy":"category","embeddable":true,"href":"http:\/\/lamalaga.com\/esp\/wp-json\/wp\/v2\/categories?post=100"},{"taxonomy":"post_tag","embeddable":true,"href":"http:\/\/lamalaga.com\/esp\/wp-json\/wp\/v2\/tags?post=100"}],"curies":[{"name":"wp","href":"https:\/\/api.w.org\/{rel}","templated":true}]}}